{"id":19396,"date":"2018-08-17T19:37:22","date_gmt":"2018-08-17T19:37:22","guid":{"rendered":"http:\/\/www.agriatv.hu\/?p=19396"},"modified":"2018-08-17T19:37:22","modified_gmt":"2018-08-17T19:37:22","slug":"betegge-tehet-a-glutenmentes-dieta","status":"publish","type":"post","link":"https:\/\/www.agriatv.hu\/?p=19396","title":{"rendered":"Betegg\u00e9 tehet a glut\u00e9nmentes di\u00e9ta"},"content":{"rendered":"<p style=\"text-align: justify;\"><a href=\"https:\/\/www.agriatv.hu\/wp-content\/uploads\/2018\/08\/610336.325x183.jpg\"><img loading=\"lazy\" decoding=\"async\" class=\"alignleft wp-image-19397\" src=\"https:\/\/www.agriatv.hu\/wp-content\/uploads\/2018\/08\/610336.325x183-300x169.jpg\" alt=\"\" width=\"201\" height=\"113\" srcset=\"https:\/\/www.agriatv.hu\/wp-content\/uploads\/2018\/08\/610336.325x183-300x169.jpg 300w, https:\/\/www.agriatv.hu\/wp-content\/uploads\/2018\/08\/610336.325x183.jpg 325w\" sizes=\"auto, (max-width: 201px) 100vw, 201px\" \/><\/a>Kettes t\u00edpus\u00fa cukorbetegs\u00e9get is okozhat a glut\u00e9nmentes di\u00e9ta. Ezt \u00e1ll\u00edtj\u00e1k k\u00ednai kutat\u00f3k, akik \u00e9vtizedeken \u00e1t vizsg\u00e1lt\u00e1k k\u00f6zel k\u00e9tsz\u00e1zezer ember \u00e9trendj\u00e9t. A b\u00faz\u00e1ban, rozsban \u00e9s \u00e1rp\u00e1ban lev\u0151 glut\u00e9n a szakemberek szerint fontos feh\u00e9rjeforr\u00e1s, \u00edgy azok, akik ezeket nem viszik be a szervezet\u00fckbe, vagyis p\u00e9ld\u00e1ul nem esznek kenyeret, k\u00f6nnyebben megbetegedhetnek.<\/p>\n<p><iframe loading=\"lazy\" src=\"\/\/tenyek.hu\/neoplayer\/tv2\/embed\/268033_betegge-tehet-a-glutenmentes-dieta.html\" width=\"640\" height=\"360\" frameborder=\"0\" scrolling=\"no\" allowfullscreen=\"allowfullscreen\"><\/iframe><\/p>\n","protected":false},"excerpt":{"rendered":"<p>Kettes t\u00edpus\u00fa cukorbetegs\u00e9get is okozhat a glut\u00e9nmentes di\u00e9ta. Ezt \u00e1ll\u00edtj\u00e1k k\u00ednai kutat\u00f3k, akik \u00e9vtizedeken \u00e1t vizsg\u00e1lt\u00e1k k\u00f6zel k\u00e9tsz\u00e1zezer ember \u00e9trendj\u00e9t. A b\u00faz\u00e1ban, rozsban \u00e9s \u00e1rp\u00e1ban lev\u0151 glut\u00e9n a szakemberek szerint fontos feh\u00e9rjeforr\u00e1s, \u00edgy azok, akik ezeket nem viszik be a szervezet\u00fckbe, vagyis p\u00e9ld\u00e1ul nem esznek kenyeret, k\u00f6nnyebben megbetegedhetnek.<\/p>\n","protected":false},"author":4,"featured_media":0,"comment_status":"open","ping_status":"closed","sticky":false,"template":"","format":"standard","meta":{"footnotes":""},"categories":[6,19],"tags":[1279,513,143,3113,3114],"class_list":["post-19396","post","type-post","status-publish","format-standard","hentry","category-belfold","category-egeszseg","tag-beteg","tag-cukor","tag-egeszseg-2","tag-gluten","tag-kura"],"_links":{"self":[{"href":"https:\/\/www.agriatv.hu\/index.php?rest_route=\/wp\/v2\/posts\/19396","targetHints":{"allow":["GET"]}}],"collection":[{"href":"https:\/\/www.agriatv.hu\/index.php?rest_route=\/wp\/v2\/posts"}],"about":[{"href":"https:\/\/www.agriatv.hu\/index.php?rest_route=\/wp\/v2\/types\/post"}],"author":[{"embeddable":true,"href":"https:\/\/www.agriatv.hu\/index.php?rest_route=\/wp\/v2\/users\/4"}],"replies":[{"embeddable":true,"href":"https:\/\/www.agriatv.hu\/index.php?rest_route=%2Fwp%2Fv2%2Fcomments&post=19396"}],"version-history":[{"count":1,"href":"https:\/\/www.agriatv.hu\/index.php?rest_route=\/wp\/v2\/posts\/19396\/revisions"}],"predecessor-version":[{"id":19398,"href":"https:\/\/www.agriatv.hu\/index.php?rest_route=\/wp\/v2\/posts\/19396\/revisions\/19398"}],"wp:attachment":[{"href":"https:\/\/www.agriatv.hu\/index.php?rest_route=%2Fwp%2Fv2%2Fmedia&parent=19396"}],"wp:term":[{"taxonomy":"category","embeddable":true,"href":"https:\/\/www.agriatv.hu\/index.php?rest_route=%2Fwp%2Fv2%2Fcategories&post=19396"},{"taxonomy":"post_tag","embeddable":true,"href":"https:\/\/www.agriatv.hu\/index.php?rest_route=%2Fwp%2Fv2%2Ftags&post=19396"}],"curies":[{"name":"wp","href":"https:\/\/api.w.org\/{rel}","templated":true}]}}