{"id":19417,"date":"2018-08-22T14:28:53","date_gmt":"2018-08-22T14:28:53","guid":{"rendered":"http:\/\/www.agriatv.hu\/?p=19417"},"modified":"2018-08-22T14:28:53","modified_gmt":"2018-08-22T14:28:53","slug":"paloc-parnafesztival-matraderecsken-2","status":"publish","type":"post","link":"https:\/\/www.agriatv.hu\/?p=19417","title":{"rendered":"Pal\u00f3c p\u00e1rnafesztiv\u00e1l M\u00e1traderecsk\u00e9n"},"content":{"rendered":"<p><a href=\"https:\/\/www.agriatv.hu\/wp-content\/uploads\/2018\/08\/parna0826.jpg\"><img loading=\"lazy\" decoding=\"async\" class=\"alignleft wp-image-19416 size-full\" src=\"https:\/\/www.agriatv.hu\/wp-content\/uploads\/2018\/08\/parna0826.jpg\" alt=\"\" width=\"681\" height=\"960\" srcset=\"https:\/\/www.agriatv.hu\/wp-content\/uploads\/2018\/08\/parna0826.jpg 681w, https:\/\/www.agriatv.hu\/wp-content\/uploads\/2018\/08\/parna0826-213x300.jpg 213w\" sizes=\"auto, (max-width: 681px) 100vw, 681px\" \/><\/a><\/p>\n","protected":false},"excerpt":{"rendered":"","protected":false},"author":4,"featured_media":0,"comment_status":"open","ping_status":"closed","sticky":false,"template":"","format":"standard","meta":{"footnotes":""},"categories":[4],"tags":[194,1377,1376,389],"class_list":["post-19417","post","type-post","status-publish","format-standard","hentry","category-szabadido","tag-fesztival","tag-matraderecske","tag-parna","tag-program"],"_links":{"self":[{"href":"https:\/\/www.agriatv.hu\/index.php?rest_route=\/wp\/v2\/posts\/19417","targetHints":{"allow":["GET"]}}],"collection":[{"href":"https:\/\/www.agriatv.hu\/index.php?rest_route=\/wp\/v2\/posts"}],"about":[{"href":"https:\/\/www.agriatv.hu\/index.php?rest_route=\/wp\/v2\/types\/post"}],"author":[{"embeddable":true,"href":"https:\/\/www.agriatv.hu\/index.php?rest_route=\/wp\/v2\/users\/4"}],"replies":[{"embeddable":true,"href":"https:\/\/www.agriatv.hu\/index.php?rest_route=%2Fwp%2Fv2%2Fcomments&post=19417"}],"version-history":[{"count":1,"href":"https:\/\/www.agriatv.hu\/index.php?rest_route=\/wp\/v2\/posts\/19417\/revisions"}],"predecessor-version":[{"id":19418,"href":"https:\/\/www.agriatv.hu\/index.php?rest_route=\/wp\/v2\/posts\/19417\/revisions\/19418"}],"wp:attachment":[{"href":"https:\/\/www.agriatv.hu\/index.php?rest_route=%2Fwp%2Fv2%2Fmedia&parent=19417"}],"wp:term":[{"taxonomy":"category","embeddable":true,"href":"https:\/\/www.agriatv.hu\/index.php?rest_route=%2Fwp%2Fv2%2Fcategories&post=19417"},{"taxonomy":"post_tag","embeddable":true,"href":"https:\/\/www.agriatv.hu\/index.php?rest_route=%2Fwp%2Fv2%2Ftags&post=19417"}],"curies":[{"name":"wp","href":"https:\/\/api.w.org\/{rel}","templated":true}]}}