{"id":19465,"date":"2018-08-31T19:29:41","date_gmt":"2018-08-31T19:29:41","guid":{"rendered":"http:\/\/www.agriatv.hu\/?p=19465"},"modified":"2018-08-31T19:31:41","modified_gmt":"2018-08-31T19:31:41","slug":"buzos-olajszeru-mocsar-tort-fel","status":"publish","type":"post","link":"https:\/\/www.agriatv.hu\/?p=19465","title":{"rendered":"B\u0171z\u00f6s, olajszer\u0171 mocs\u00e1r t\u00f6rt fel"},"content":{"rendered":"<p style=\"text-align: justify;\"><a href=\"https:\/\/www.agriatv.hu\/wp-content\/uploads\/2018\/08\/611696.325x183.jpg\"><img loading=\"lazy\" decoding=\"async\" class=\"alignleft wp-image-19466\" src=\"https:\/\/www.agriatv.hu\/wp-content\/uploads\/2018\/08\/611696.325x183-300x169.jpg\" alt=\"\" width=\"178\" height=\"100\" srcset=\"https:\/\/www.agriatv.hu\/wp-content\/uploads\/2018\/08\/611696.325x183-300x169.jpg 300w, https:\/\/www.agriatv.hu\/wp-content\/uploads\/2018\/08\/611696.325x183.jpg 325w\" sizes=\"auto, (max-width: 178px) 100vw, 178px\" \/><\/a>Fullaszt\u00f3, sz\u00far\u00f3s szag\u00fa, fekete anyag jelent meg egy hatvani c\u00e9g telephelye melletti kukoricaf\u00f6ld\u00f6n. Az olajszer\u0171 massz\u00e1r\u00f3l egyel\u0151re senki nem tudja, mit tartalmaz \u00e9s honnan sz\u00e1rmazik, de m\u00e1r egy v\u00edzelvezet\u0151 \u00e1rkot is ellepett. T\u00f6bb hat\u00f3s\u00e1g is mint\u00e1kat vett bel\u0151le. A b\u0171z t\u00f6bb ezer embert \u00e9rint.<\/p>\n<p><iframe loading=\"lazy\" src=\"\/\/tenyek.hu\/neoplayer\/tv2\/embed\/268880_buzos-olajszeru-mocsar-tort-fel.html\" width=\"640\" height=\"360\" frameborder=\"0\" scrolling=\"no\" allowfullscreen=\"allowfullscreen\"><\/iframe><\/p>\n<blockquote class=\"embedly-card\" data-card-controls=\"1\" data-card-align=\"center\" data-card-theme=\"light\" data-card-key=\"bbb82e0305934450ba516e363ef455a7\">\n<h4><a href=\"http:\/\/www.atv.hu\/belfold\/20180831-nyomozast-rendeltek-el-a-hatvani-buz-miatt-video\">M\u00e1r nyomoznak Hatvanban a b\u0171z miatt &#8211; vide\u00f3<\/a><\/h4>\n<p>Ismeretlen eredet\u0171, olajos szag\u00fa, s\u0171r\u0171 fekete folyad\u00e9k lepte el Hatvan hat\u00e1r\u00e1nak egy r\u00e9sz\u00e9t. A hat\u00f3s\u00e1gok a h\u00e9t elej\u00e9n j\u00e1rtak a helysz\u00ednen, amely egy hullad\u00e9kt\u00e1rol\u00f3 telephely k\u00f6zel\u00e9ben van.<\/p>\n<\/blockquote>\n<p><script async src=\"\/\/cdn.embedly.com\/widgets\/platform.js\" charset=\"UTF-8\"><\/script><\/p>\n","protected":false},"excerpt":{"rendered":"<p>Fullaszt\u00f3, sz\u00far\u00f3s szag\u00fa, fekete anyag jelent meg egy hatvani c\u00e9g telephelye melletti kukoricaf\u00f6ld\u00f6n. Az olajszer\u0171 massz\u00e1r\u00f3l egyel\u0151re senki nem tudja, mit tartalmaz \u00e9s honnan sz\u00e1rmazik, de m\u00e1r egy v\u00edzelvezet\u0151 \u00e1rkot is ellepett. T\u00f6bb hat\u00f3s\u00e1g is mint\u00e1kat vett bel\u0151le. A b\u0171z t\u00f6bb ezer embert \u00e9rint.<\/p>\n<p>M\u00e1r nyomoznak Hatvanban a b\u0171z miatt &#8211; vide\u00f3<br \/>\nIsmeretlen eredet\u0171, olajos szag\u00fa, s\u0171r\u0171 [&#8230;]<\/p>\n","protected":false},"author":4,"featured_media":0,"comment_status":"open","ping_status":"closed","sticky":false,"template":"","format":"standard","meta":{"footnotes":""},"categories":[6,19],"tags":[2493,236,2759,747,1855,1194,447],"class_list":["post-19465","post","type-post","status-publish","format-standard","hentry","category-belfold","category-egeszseg","tag-budos","tag-hatvan","tag-iszap","tag-nyomozas","tag-olaj","tag-termeszet","tag-ugyeszseg"],"_links":{"self":[{"href":"https:\/\/www.agriatv.hu\/index.php?rest_route=\/wp\/v2\/posts\/19465","targetHints":{"allow":["GET"]}}],"collection":[{"href":"https:\/\/www.agriatv.hu\/index.php?rest_route=\/wp\/v2\/posts"}],"about":[{"href":"https:\/\/www.agriatv.hu\/index.php?rest_route=\/wp\/v2\/types\/post"}],"author":[{"embeddable":true,"href":"https:\/\/www.agriatv.hu\/index.php?rest_route=\/wp\/v2\/users\/4"}],"replies":[{"embeddable":true,"href":"https:\/\/www.agriatv.hu\/index.php?rest_route=%2Fwp%2Fv2%2Fcomments&post=19465"}],"version-history":[{"count":1,"href":"https:\/\/www.agriatv.hu\/index.php?rest_route=\/wp\/v2\/posts\/19465\/revisions"}],"predecessor-version":[{"id":19467,"href":"https:\/\/www.agriatv.hu\/index.php?rest_route=\/wp\/v2\/posts\/19465\/revisions\/19467"}],"wp:attachment":[{"href":"https:\/\/www.agriatv.hu\/index.php?rest_route=%2Fwp%2Fv2%2Fmedia&parent=19465"}],"wp:term":[{"taxonomy":"category","embeddable":true,"href":"https:\/\/www.agriatv.hu\/index.php?rest_route=%2Fwp%2Fv2%2Fcategories&post=19465"},{"taxonomy":"post_tag","embeddable":true,"href":"https:\/\/www.agriatv.hu\/index.php?rest_route=%2Fwp%2Fv2%2Ftags&post=19465"}],"curies":[{"name":"wp","href":"https:\/\/api.w.org\/{rel}","templated":true}]}}