{"id":19542,"date":"2018-09-28T19:02:16","date_gmt":"2018-09-28T19:02:16","guid":{"rendered":"http:\/\/www.agriatv.hu\/?p=19542"},"modified":"2018-09-28T19:02:16","modified_gmt":"2018-09-28T19:02:16","slug":"tobb-szazan-lettek-rosszul-a-menzan","status":"publish","type":"post","link":"https:\/\/www.agriatv.hu\/?p=19542","title":{"rendered":"T\u00f6bb sz\u00e1zan lettek rosszul a menz\u00e1n"},"content":{"rendered":"<p style=\"text-align: justify;\"><a href=\"https:\/\/www.agriatv.hu\/wp-content\/uploads\/2018\/09\/615726.325x183.jpg\"><img loading=\"lazy\" decoding=\"async\" class=\"alignleft wp-image-19543\" src=\"https:\/\/www.agriatv.hu\/wp-content\/uploads\/2018\/09\/615726.325x183-300x169.jpg\" alt=\"\" width=\"193\" height=\"109\" srcset=\"https:\/\/www.agriatv.hu\/wp-content\/uploads\/2018\/09\/615726.325x183-300x169.jpg 300w, https:\/\/www.agriatv.hu\/wp-content\/uploads\/2018\/09\/615726.325x183.jpg 325w\" sizes=\"auto, (max-width: 193px) 100vw, 193px\" \/><\/a>T\u00f6meges h\u00e1ny\u00e1s \u00e9s hasmen\u00e9s volt n\u00e9gy szombathelyi iskol\u00e1ban. A sz\u00fcl\u0151knek az a gyan\u00faja, hogy a leves lehetett rossz. Az \u00c1NTSZ vizsg\u00e1latot ind\u00edtott. K\u00f6zben a Heves megyei L\u0151rinciben is panaszkodott egy apa, hogy a telep\u00fcl\u00e9s\u00fck\u00f6n t\u00f6bb csal\u00e1d is megbetegedett, szint\u00e9n h\u00e1ny\u00e1sra \u00e9s hasmen\u00e9sre panaszkodnak.<\/p>\n<p><iframe loading=\"lazy\" src=\"\/\/tenyek.hu\/neoplayer\/tv2\/embed\/271071_tobb-szazan-lettek-rosszul-a-menzan.html\" width=\"640\" height=\"360\" frameborder=\"0\" scrolling=\"no\" allowfullscreen=\"allowfullscreen\"><\/iframe><\/p>\n","protected":false},"excerpt":{"rendered":"<p>T\u00f6meges h\u00e1ny\u00e1s \u00e9s hasmen\u00e9s volt n\u00e9gy szombathelyi iskol\u00e1ban. A sz\u00fcl\u0151knek az a gyan\u00faja, hogy a leves lehetett rossz. Az \u00c1NTSZ vizsg\u00e1latot ind\u00edtott. K\u00f6zben a Heves megyei L\u0151rinciben is panaszkodott egy apa, hogy a telep\u00fcl\u00e9s\u00fck\u00f6n t\u00f6bb csal\u00e1d is megbetegedett, szint\u00e9n h\u00e1ny\u00e1sra \u00e9s hasmen\u00e9sre panaszkodnak.<\/p>\n","protected":false},"author":4,"featured_media":0,"comment_status":"open","ping_status":"closed","sticky":false,"template":"","format":"standard","meta":{"footnotes":""},"categories":[6,19],"tags":[1279,3143,1976],"class_list":["post-19542","post","type-post","status-publish","format-standard","hentry","category-belfold","category-egeszseg","tag-beteg","tag-hasmenes","tag-rosszullet"],"_links":{"self":[{"href":"https:\/\/www.agriatv.hu\/index.php?rest_route=\/wp\/v2\/posts\/19542","targetHints":{"allow":["GET"]}}],"collection":[{"href":"https:\/\/www.agriatv.hu\/index.php?rest_route=\/wp\/v2\/posts"}],"about":[{"href":"https:\/\/www.agriatv.hu\/index.php?rest_route=\/wp\/v2\/types\/post"}],"author":[{"embeddable":true,"href":"https:\/\/www.agriatv.hu\/index.php?rest_route=\/wp\/v2\/users\/4"}],"replies":[{"embeddable":true,"href":"https:\/\/www.agriatv.hu\/index.php?rest_route=%2Fwp%2Fv2%2Fcomments&post=19542"}],"version-history":[{"count":1,"href":"https:\/\/www.agriatv.hu\/index.php?rest_route=\/wp\/v2\/posts\/19542\/revisions"}],"predecessor-version":[{"id":19544,"href":"https:\/\/www.agriatv.hu\/index.php?rest_route=\/wp\/v2\/posts\/19542\/revisions\/19544"}],"wp:attachment":[{"href":"https:\/\/www.agriatv.hu\/index.php?rest_route=%2Fwp%2Fv2%2Fmedia&parent=19542"}],"wp:term":[{"taxonomy":"category","embeddable":true,"href":"https:\/\/www.agriatv.hu\/index.php?rest_route=%2Fwp%2Fv2%2Fcategories&post=19542"},{"taxonomy":"post_tag","embeddable":true,"href":"https:\/\/www.agriatv.hu\/index.php?rest_route=%2Fwp%2Fv2%2Ftags&post=19542"}],"curies":[{"name":"wp","href":"https:\/\/api.w.org\/{rel}","templated":true}]}}