{"id":19677,"date":"2018-11-01T20:09:38","date_gmt":"2018-11-01T20:09:38","guid":{"rendered":"http:\/\/www.agriatv.hu\/?p=19677"},"modified":"2018-11-01T20:09:38","modified_gmt":"2018-11-01T20:09:38","slug":"arra-ebredtek-hogy-eg-a-hazuk","status":"publish","type":"post","link":"https:\/\/www.agriatv.hu\/?p=19677","title":{"rendered":"Arra \u00e9bredtek, hogy \u00e9g a h\u00e1zuk"},"content":{"rendered":"<div id=\"cikktorzs_inner\" style=\"text-align: justify;\"><a href=\"https:\/\/www.agriatv.hu\/wp-content\/uploads\/2018\/11\/621508.720x405.jpg\"><img loading=\"lazy\" decoding=\"async\" class=\"alignleft wp-image-19678\" src=\"https:\/\/www.agriatv.hu\/wp-content\/uploads\/2018\/11\/621508.720x405-300x169.jpg\" alt=\"\" width=\"202\" height=\"114\" srcset=\"https:\/\/www.agriatv.hu\/wp-content\/uploads\/2018\/11\/621508.720x405-300x169.jpg 300w, https:\/\/www.agriatv.hu\/wp-content\/uploads\/2018\/11\/621508.720x405.jpg 720w\" sizes=\"auto, (max-width: 202px) 100vw, 202px\" \/><\/a>Egy szomsz\u00e9dban lak\u00f3 rokonuk \u00e9bresztett fel egy csal\u00e1dot a heves megyei K\u00e1lon, hogy \u00e9g felett\u00fck a h\u00e1z, menek\u00fcljenek. Azonnal l\u00e1tt\u00e1k, hogy nagy a baj, de siker\u00fclt mindenkinek kimenek\u00fclni, a h\u00e9t h\u00f3napos terhes any\u00e1nak is, \u0151 sokkot kapott, s\u00edrva nyilatkozott. Az apa el\u0151sz\u00f6r pr\u00f3b\u00e1lta oltani az \u00e9g\u0151 b\u00fatorokat, de hi\u00e1ba. A h\u00e1z teljesen ki\u00e9gett, a csal\u00e1dnak mindene odalett.<\/div>\n<p><iframe loading=\"lazy\" src=\"\/\/tenyek.hu\/neoplayer\/tv2\/embed\/274164_arra-ebredtek-hogy-eg-a-hazuk.html\" width=\"640\" height=\"360\" frameborder=\"0\" scrolling=\"no\" allowfullscreen=\"allowfullscreen\"><\/iframe><\/p>\n","protected":false},"excerpt":{"rendered":"<p>Egy szomsz\u00e9dban lak\u00f3 rokonuk \u00e9bresztett fel egy csal\u00e1dot a heves megyei K\u00e1lon, hogy \u00e9g felett\u00fck a h\u00e1z, menek\u00fcljenek. Azonnal l\u00e1tt\u00e1k, hogy nagy a baj, de siker\u00fclt mindenkinek kimenek\u00fclni, a h\u00e9t h\u00f3napos terhes any\u00e1nak is, \u0151 sokkot kapott, s\u00edrva nyilatkozott. Az apa el\u0151sz\u00f6r pr\u00f3b\u00e1lta oltani az \u00e9g\u0151 b\u00fatorokat, de hi\u00e1ba. A h\u00e1z teljesen ki\u00e9gett, a csal\u00e1dnak [&#8230;]<\/p>\n","protected":false},"author":4,"featured_media":0,"comment_status":"open","ping_status":"closed","sticky":false,"template":"","format":"standard","meta":{"footnotes":""},"categories":[5],"tags":[487,1805,705,484,161],"class_list":["post-19677","post","type-post","status-publish","format-standard","hentry","category-kek-hirek","tag-csalad","tag-kal","tag-segitseg","tag-tuz","tag-tuzolto"],"_links":{"self":[{"href":"https:\/\/www.agriatv.hu\/index.php?rest_route=\/wp\/v2\/posts\/19677","targetHints":{"allow":["GET"]}}],"collection":[{"href":"https:\/\/www.agriatv.hu\/index.php?rest_route=\/wp\/v2\/posts"}],"about":[{"href":"https:\/\/www.agriatv.hu\/index.php?rest_route=\/wp\/v2\/types\/post"}],"author":[{"embeddable":true,"href":"https:\/\/www.agriatv.hu\/index.php?rest_route=\/wp\/v2\/users\/4"}],"replies":[{"embeddable":true,"href":"https:\/\/www.agriatv.hu\/index.php?rest_route=%2Fwp%2Fv2%2Fcomments&post=19677"}],"version-history":[{"count":2,"href":"https:\/\/www.agriatv.hu\/index.php?rest_route=\/wp\/v2\/posts\/19677\/revisions"}],"predecessor-version":[{"id":19680,"href":"https:\/\/www.agriatv.hu\/index.php?rest_route=\/wp\/v2\/posts\/19677\/revisions\/19680"}],"wp:attachment":[{"href":"https:\/\/www.agriatv.hu\/index.php?rest_route=%2Fwp%2Fv2%2Fmedia&parent=19677"}],"wp:term":[{"taxonomy":"category","embeddable":true,"href":"https:\/\/www.agriatv.hu\/index.php?rest_route=%2Fwp%2Fv2%2Fcategories&post=19677"},{"taxonomy":"post_tag","embeddable":true,"href":"https:\/\/www.agriatv.hu\/index.php?rest_route=%2Fwp%2Fv2%2Ftags&post=19677"}],"curies":[{"name":"wp","href":"https:\/\/api.w.org\/{rel}","templated":true}]}}