{"id":19719,"date":"2018-11-19T22:36:28","date_gmt":"2018-11-19T22:36:28","guid":{"rendered":"http:\/\/www.agriatv.hu\/?p=19719"},"modified":"2018-11-19T22:36:28","modified_gmt":"2018-11-19T22:36:28","slug":"leesett-az-elso-ho-orszagszerte","status":"publish","type":"post","link":"https:\/\/www.agriatv.hu\/?p=19719","title":{"rendered":"Leesett az els\u0151 h\u00f3 orsz\u00e1gszerte"},"content":{"rendered":"<p style=\"text-align: justify;\"><a href=\"https:\/\/www.agriatv.hu\/wp-content\/uploads\/2018\/11\/624923.325x183.jpg\"><img loading=\"lazy\" decoding=\"async\" class=\"alignleft wp-image-19720\" src=\"https:\/\/www.agriatv.hu\/wp-content\/uploads\/2018\/11\/624923.325x183-300x169.jpg\" alt=\"\" width=\"183\" height=\"103\" srcset=\"https:\/\/www.agriatv.hu\/wp-content\/uploads\/2018\/11\/624923.325x183-300x169.jpg 300w, https:\/\/www.agriatv.hu\/wp-content\/uploads\/2018\/11\/624923.325x183.jpg 325w\" sizes=\"auto, (max-width: 183px) 100vw, 183px\" \/><\/a>Leesett az els\u0151 h\u00f3. Orsz\u00e1gszerte havazott \u00e9s a legt\u00f6bb helyen meg is maradt a t\u00f6bb centis h\u00f3. K\u00e9kestet\u0151n emellett akkora k\u00f6d volt, hogy alig lehetett l\u00e1tni a t\u00e1jat, de nagyon sokan mentek kir\u00e1ndulni, hogy megn\u00e9zz\u00e9k a k\u00f6rny\u00e9ket ebben az id\u0151ben is. Az utakat t\u00f6bb helyen s\u00f3zt\u00e1k, ezzel is pr\u00f3b\u00e1lj\u00e1k megel\u0151zni a baleseteket.<\/p>\n<p><iframe loading=\"lazy\" src=\"\/\/tenyek.hu\/neoplayer\/tv2\/embed\/275880_leesett-az-elso-ho-orszagszerte.html\" width=\"640\" height=\"360\" frameborder=\"0\" scrolling=\"no\" allowfullscreen=\"allowfullscreen\"><\/iframe><\/p>\n<blockquote class=\"embedly-card\" data-card-controls=\"1\" data-card-align=\"center\" data-card-theme=\"light\" data-card-key=\"bbb82e0305934450ba516e363ef455a7\">\n<h4><a href=\"http:\/\/rtl.hu\/rtlklub\/hirek\/ho-idojaras-havazas-tel-kekesteto-teli-gumi-20181119\">RTL.hu<\/a><\/h4>\n<p>No Description<\/p>\n<\/blockquote>\n<p><script async src=\"\/\/cdn.embedly.com\/widgets\/platform.js\" charset=\"UTF-8\"><\/script><\/p>\n<p>&nbsp;<\/p>\n<p>&nbsp;<\/p>\n<blockquote class=\"embedly-card\" data-card-controls=\"1\" data-card-align=\"center\" data-card-theme=\"light\" data-card-key=\"bbb82e0305934450ba516e363ef455a7\">\n<h4><a href=\"http:\/\/rtl.hu\/rtlklub\/hirek\/havazas-tel-kekesteto-november-20181119\">RTL.hu<\/a><\/h4>\n<p>No Description<\/p>\n<\/blockquote>\n<p><script async src=\"\/\/cdn.embedly.com\/widgets\/platform.js\" charset=\"UTF-8\"><\/script><\/p>\n","protected":false},"excerpt":{"rendered":"<p>Leesett az els\u0151 h\u00f3. Orsz\u00e1gszerte havazott \u00e9s a legt\u00f6bb helyen meg is maradt a t\u00f6bb centis h\u00f3. K\u00e9kestet\u0151n emellett akkora k\u00f6d volt, hogy alig lehetett l\u00e1tni a t\u00e1jat, de nagyon sokan mentek kir\u00e1ndulni, hogy megn\u00e9zz\u00e9k a k\u00f6rny\u00e9ket ebben az id\u0151ben is. Az utakat t\u00f6bb helyen s\u00f3zt\u00e1k, ezzel is pr\u00f3b\u00e1lj\u00e1k megel\u0151zni a baleseteket.<\/p>\n<p>RTL.hu<br \/>\nNo Description<\/p>\n<p>&nbsp;<br \/>\n&nbsp;<\/p>\n<p>RTL.hu<br \/>\nNo Description<\/p>\n","protected":false},"author":4,"featured_media":0,"comment_status":"open","ping_status":"closed","sticky":false,"template":"","format":"standard","meta":{"footnotes":""},"categories":[6,4],"tags":[2375,1104,892,872,1869,2874],"class_list":["post-19719","post","type-post","status-publish","format-standard","hentry","category-belfold","category-szabadido","tag-csuszas","tag-havazas","tag-hideg","tag-ho","tag-kekesteto","tag-teli-gumi"],"_links":{"self":[{"href":"https:\/\/www.agriatv.hu\/index.php?rest_route=\/wp\/v2\/posts\/19719","targetHints":{"allow":["GET"]}}],"collection":[{"href":"https:\/\/www.agriatv.hu\/index.php?rest_route=\/wp\/v2\/posts"}],"about":[{"href":"https:\/\/www.agriatv.hu\/index.php?rest_route=\/wp\/v2\/types\/post"}],"author":[{"embeddable":true,"href":"https:\/\/www.agriatv.hu\/index.php?rest_route=\/wp\/v2\/users\/4"}],"replies":[{"embeddable":true,"href":"https:\/\/www.agriatv.hu\/index.php?rest_route=%2Fwp%2Fv2%2Fcomments&post=19719"}],"version-history":[{"count":1,"href":"https:\/\/www.agriatv.hu\/index.php?rest_route=\/wp\/v2\/posts\/19719\/revisions"}],"predecessor-version":[{"id":19721,"href":"https:\/\/www.agriatv.hu\/index.php?rest_route=\/wp\/v2\/posts\/19719\/revisions\/19721"}],"wp:attachment":[{"href":"https:\/\/www.agriatv.hu\/index.php?rest_route=%2Fwp%2Fv2%2Fmedia&parent=19719"}],"wp:term":[{"taxonomy":"category","embeddable":true,"href":"https:\/\/www.agriatv.hu\/index.php?rest_route=%2Fwp%2Fv2%2Fcategories&post=19719"},{"taxonomy":"post_tag","embeddable":true,"href":"https:\/\/www.agriatv.hu\/index.php?rest_route=%2Fwp%2Fv2%2Ftags&post=19719"}],"curies":[{"name":"wp","href":"https:\/\/api.w.org\/{rel}","templated":true}]}}