{"id":19854,"date":"2018-12-24T20:40:50","date_gmt":"2018-12-24T20:40:50","guid":{"rendered":"http:\/\/www.agriatv.hu\/?p=19854"},"modified":"2018-12-24T20:40:52","modified_gmt":"2018-12-24T20:40:52","slug":"tomegkarambol-negy-auto-utkozott","status":"publish","type":"post","link":"https:\/\/www.agriatv.hu\/?p=19854","title":{"rendered":"T\u00f6megkarambol: n\u00e9gy aut\u00f3 \u00fctk\u00f6z\u00f6tt"},"content":{"rendered":"\n<div class=\"wp-block-image\"><figure class=\"alignleft is-resized\"><img loading=\"lazy\" decoding=\"async\" src=\"https:\/\/www.agriatv.hu\/wp-content\/uploads\/2018\/12\/631476.325x183.jpg\" alt=\"\" class=\"wp-image-19855\" width=\"183\" height=\"103\" srcset=\"https:\/\/www.agriatv.hu\/wp-content\/uploads\/2018\/12\/631476.325x183.jpg 325w, https:\/\/www.agriatv.hu\/wp-content\/uploads\/2018\/12\/631476.325x183-300x169.jpg 300w\" sizes=\"auto, (max-width: 183px) 100vw, 183px\" \/><\/figure><\/div>\n\n\n\n<p> Le akart kanyarodni egy aut\u00f3 az \u00fatr\u00f3l, ketten is belerohantak h\u00e1tulr\u00f3l, r\u00e1ad\u00e1sul nekil\u00f6kt\u00e9k az el\u0151tte \u00e1ll\u00f3nak, n\u00e9gy aut\u00f3 t\u00f6rt \u00f6ssze v\u00e9g\u00fcl. A karambol B\u00fckk\u00e1br\u00e1nyn\u00e1l t\u00f6rt\u00e9nt, az egyik sof\u0151r a fej\u00e9n s\u00e9r\u00fclt meg. A 86-os f\u0151\u00faton pedig egy teljesen egyenes \u00faton csap\u00f3dott egy sof\u0151r \u00e1rokba, \u0151t \u00e9s az utas\u00e1t is elvitte a ment\u0151. <\/p>\n\n\n\n<figure><iframe loading=\"lazy\" allowfullscreen=\"yes\" width=\"640\" height=\"360\" src=\"\/\/tenyek.hu\/neoplayer\/tv2\/embed\/279204_tomegkarambol-negy-auto-utkozott.html\"><\/iframe><\/figure>\n","protected":false},"excerpt":{"rendered":"<p> Le akart kanyarodni egy aut\u00f3 az \u00fatr\u00f3l, ketten is belerohantak h\u00e1tulr\u00f3l, r\u00e1ad\u00e1sul nekil\u00f6kt\u00e9k az el\u0151tte \u00e1ll\u00f3nak, n\u00e9gy aut\u00f3 t\u00f6rt \u00f6ssze v\u00e9g\u00fcl. A karambol B\u00fckk\u00e1br\u00e1nyn\u00e1l t\u00f6rt\u00e9nt, az egyik sof\u0151r a fej\u00e9n s\u00e9r\u00fclt meg. A 86-os f\u0151\u00faton pedig egy teljesen egyenes \u00faton csap\u00f3dott egy sof\u0151r \u00e1rokba, \u0151t \u00e9s az utas\u00e1t is elvitte a ment\u0151. <\/p>\n","protected":false},"author":4,"featured_media":0,"comment_status":"open","ping_status":"closed","sticky":false,"template":"","format":"standard","meta":{"footnotes":""},"categories":[5],"tags":[41],"class_list":["post-19854","post","type-post","status-publish","format-standard","hentry","category-kek-hirek","tag-baleset"],"_links":{"self":[{"href":"https:\/\/www.agriatv.hu\/index.php?rest_route=\/wp\/v2\/posts\/19854","targetHints":{"allow":["GET"]}}],"collection":[{"href":"https:\/\/www.agriatv.hu\/index.php?rest_route=\/wp\/v2\/posts"}],"about":[{"href":"https:\/\/www.agriatv.hu\/index.php?rest_route=\/wp\/v2\/types\/post"}],"author":[{"embeddable":true,"href":"https:\/\/www.agriatv.hu\/index.php?rest_route=\/wp\/v2\/users\/4"}],"replies":[{"embeddable":true,"href":"https:\/\/www.agriatv.hu\/index.php?rest_route=%2Fwp%2Fv2%2Fcomments&post=19854"}],"version-history":[{"count":1,"href":"https:\/\/www.agriatv.hu\/index.php?rest_route=\/wp\/v2\/posts\/19854\/revisions"}],"predecessor-version":[{"id":19856,"href":"https:\/\/www.agriatv.hu\/index.php?rest_route=\/wp\/v2\/posts\/19854\/revisions\/19856"}],"wp:attachment":[{"href":"https:\/\/www.agriatv.hu\/index.php?rest_route=%2Fwp%2Fv2%2Fmedia&parent=19854"}],"wp:term":[{"taxonomy":"category","embeddable":true,"href":"https:\/\/www.agriatv.hu\/index.php?rest_route=%2Fwp%2Fv2%2Fcategories&post=19854"},{"taxonomy":"post_tag","embeddable":true,"href":"https:\/\/www.agriatv.hu\/index.php?rest_route=%2Fwp%2Fv2%2Ftags&post=19854"}],"curies":[{"name":"wp","href":"https:\/\/api.w.org\/{rel}","templated":true}]}}