{"id":19857,"date":"2018-12-25T20:20:55","date_gmt":"2018-12-25T20:20:55","guid":{"rendered":"http:\/\/www.agriatv.hu\/?p=19857"},"modified":"2018-12-25T20:21:03","modified_gmt":"2018-12-25T20:21:03","slug":"ejfeli-mise-megteltek-a-templomok","status":"publish","type":"post","link":"https:\/\/www.agriatv.hu\/?p=19857","title":{"rendered":"\u00c9jf\u00e9li mise: megteltek a templomok"},"content":{"rendered":"\n<div class=\"wp-block-image\"><figure class=\"alignleft is-resized\"><img loading=\"lazy\" decoding=\"async\" src=\"https:\/\/www.agriatv.hu\/wp-content\/uploads\/2018\/12\/631502.325x183.jpg\" alt=\"\" class=\"wp-image-19858\" width=\"166\" height=\"93\" srcset=\"https:\/\/www.agriatv.hu\/wp-content\/uploads\/2018\/12\/631502.325x183.jpg 325w, https:\/\/www.agriatv.hu\/wp-content\/uploads\/2018\/12\/631502.325x183-300x169.jpg 300w\" sizes=\"auto, (max-width: 166px) 100vw, 166px\" \/><\/figure><\/div>\n\n\n\n<p> Megtelt a budapesti Szent Istv\u00e1n-bazilika \u00e9s az egri bazilika is a kar\u00e1csonyi \u00e9jf\u00e9li mis\u00e9re. Annyira sokan voltak, hogy t\u00f6bbeknek m\u00e1r hely sem jutott, \u0151k v\u00e9gig\u00e1llt\u00e1k a mis\u00e9t. Budapesten Erd\u0151 P\u00e9ter b\u00edboros arr\u00f3l besz\u00e9lt, hogy Kar\u00e1csonykor Isten elj\u00f6n k\u00f6z\u00e9nk, k\u00f6z\u00f6ss\u00e9get v\u00e1llal vel\u00fcnk. Egerben Terny\u00e1k Csaba \u00e9rsek azt mondta, Szenteste a legszentebb \u00e9jszaka. <\/p>\n\n\n\n<figure><iframe loading=\"lazy\" allowfullscreen=\"yes\" width=\"640\" height=\"360\" src=\"\/\/tenyek.hu\/neoplayer\/tv2\/embed\/279228_ejfeli-mise-megteltek-a-templomok.html\"><\/iframe><\/figure>\n","protected":false},"excerpt":{"rendered":"<p> Megtelt a budapesti Szent Istv\u00e1n-bazilika \u00e9s az egri bazilika is a kar\u00e1csonyi \u00e9jf\u00e9li mis\u00e9re. Annyira sokan voltak, hogy t\u00f6bbeknek m\u00e1r hely sem jutott, \u0151k v\u00e9gig\u00e1llt\u00e1k a mis\u00e9t. Budapesten Erd\u0151 P\u00e9ter b\u00edboros arr\u00f3l besz\u00e9lt, hogy Kar\u00e1csonykor Isten elj\u00f6n k\u00f6z\u00e9nk, k\u00f6z\u00f6ss\u00e9get v\u00e1llal vel\u00fcnk. Egerben Terny\u00e1k Csaba \u00e9rsek azt mondta, Szenteste a legszentebb \u00e9jszaka. <\/p>\n","protected":false},"author":4,"featured_media":0,"comment_status":"open","ping_status":"closed","sticky":false,"template":"","format":"standard","meta":{"footnotes":""},"categories":[6,8,4],"tags":[347,3192],"class_list":["post-19857","post","type-post","status-publish","format-standard","hentry","category-belfold","category-kultura","category-szabadido","tag-bazilika","tag-mise"],"_links":{"self":[{"href":"https:\/\/www.agriatv.hu\/index.php?rest_route=\/wp\/v2\/posts\/19857","targetHints":{"allow":["GET"]}}],"collection":[{"href":"https:\/\/www.agriatv.hu\/index.php?rest_route=\/wp\/v2\/posts"}],"about":[{"href":"https:\/\/www.agriatv.hu\/index.php?rest_route=\/wp\/v2\/types\/post"}],"author":[{"embeddable":true,"href":"https:\/\/www.agriatv.hu\/index.php?rest_route=\/wp\/v2\/users\/4"}],"replies":[{"embeddable":true,"href":"https:\/\/www.agriatv.hu\/index.php?rest_route=%2Fwp%2Fv2%2Fcomments&post=19857"}],"version-history":[{"count":1,"href":"https:\/\/www.agriatv.hu\/index.php?rest_route=\/wp\/v2\/posts\/19857\/revisions"}],"predecessor-version":[{"id":19859,"href":"https:\/\/www.agriatv.hu\/index.php?rest_route=\/wp\/v2\/posts\/19857\/revisions\/19859"}],"wp:attachment":[{"href":"https:\/\/www.agriatv.hu\/index.php?rest_route=%2Fwp%2Fv2%2Fmedia&parent=19857"}],"wp:term":[{"taxonomy":"category","embeddable":true,"href":"https:\/\/www.agriatv.hu\/index.php?rest_route=%2Fwp%2Fv2%2Fcategories&post=19857"},{"taxonomy":"post_tag","embeddable":true,"href":"https:\/\/www.agriatv.hu\/index.php?rest_route=%2Fwp%2Fv2%2Ftags&post=19857"}],"curies":[{"name":"wp","href":"https:\/\/api.w.org\/{rel}","templated":true}]}}