{"id":19919,"date":"2019-01-12T18:51:22","date_gmt":"2019-01-12T18:51:22","guid":{"rendered":"http:\/\/www.agriatv.hu\/?p=19919"},"modified":"2019-01-12T18:51:38","modified_gmt":"2019-01-12T18:51:38","slug":"kukaval-harman-vertek-a-ferfit","status":"publish","type":"post","link":"https:\/\/www.agriatv.hu\/?p=19919","title":{"rendered":"Kuk\u00e1val, h\u00e1rman vert\u00e9k a f\u00e9rfit"},"content":{"rendered":"\n<div class=\"wp-block-image\"><figure class=\"alignleft is-resized\"><img loading=\"lazy\" decoding=\"async\" src=\"https:\/\/www.agriatv.hu\/wp-content\/uploads\/2019\/01\/634223.325x183.jpg\" alt=\"\" class=\"wp-image-19920\" width=\"144\" height=\"81\" srcset=\"https:\/\/www.agriatv.hu\/wp-content\/uploads\/2019\/01\/634223.325x183.jpg 325w, https:\/\/www.agriatv.hu\/wp-content\/uploads\/2019\/01\/634223.325x183-300x169.jpg 300w\" sizes=\"auto, (max-width: 144px) 100vw, 144px\" \/><\/figure><\/div>\n\n\n\n<p> Botokkal, \u00e9s egy szemeteskuk\u00e1val vertek \u00f6ssze egy 33 \u00e9ves f\u00e9rfit a Heves megyei Halmajugr\u00e1n. H\u00e1rman t\u00e1madtak r\u00e1, m\u00e9g akkor is vert\u00e9k amikor m\u00e1r a f\u00f6ld\u00f6n fek\u00fcdt. Az egyik t\u00e1mad\u00f3 h\u00faga miatt t\u00f6rt ki a vereked\u00e9s, mert az \u00e1ldozat \u00e1ll\u00edt\u00f3lag futtatta a n\u0151t, de ezt a megvert f\u00e9rfi tagadta a T\u00e9nyeknek. Azt mondta, telefonon h\u00edvt\u00e1k fel, hogy menjen ki az utc\u00e1ra \u00e9s verekedjen meg vel\u00fck, \u0151 pedig kiment. <\/p>\n\n\n\n<figure><iframe loading=\"lazy\" allowfullscreen=\"yes\" width=\"640\" height=\"360\" src=\"\/\/tenyek.hu\/neoplayer\/tv2\/embed\/280618_kukaval-harman-vertek-a-ferfit.html\"><\/iframe><\/figure>\n","protected":false},"excerpt":{"rendered":"<p> Botokkal, \u00e9s egy szemeteskuk\u00e1val vertek \u00f6ssze egy 33 \u00e9ves f\u00e9rfit a Heves megyei Halmajugr\u00e1n. H\u00e1rman t\u00e1madtak r\u00e1, m\u00e9g akkor is vert\u00e9k amikor m\u00e1r a f\u00f6ld\u00f6n fek\u00fcdt. Az egyik t\u00e1mad\u00f3 h\u00faga miatt t\u00f6rt ki a vereked\u00e9s, mert az \u00e1ldozat \u00e1ll\u00edt\u00f3lag futtatta a n\u0151t, de ezt a megvert f\u00e9rfi tagadta a T\u00e9nyeknek. Azt mondta, telefonon h\u00edvt\u00e1k [&#8230;]<\/p>\n","protected":false},"author":4,"featured_media":0,"comment_status":"open","ping_status":"closed","sticky":false,"template":"","format":"standard","meta":{"footnotes":""},"categories":[5],"tags":[2345],"class_list":["post-19919","post","type-post","status-publish","format-standard","hentry","category-kek-hirek","tag-halmajugra"],"_links":{"self":[{"href":"https:\/\/www.agriatv.hu\/index.php?rest_route=\/wp\/v2\/posts\/19919","targetHints":{"allow":["GET"]}}],"collection":[{"href":"https:\/\/www.agriatv.hu\/index.php?rest_route=\/wp\/v2\/posts"}],"about":[{"href":"https:\/\/www.agriatv.hu\/index.php?rest_route=\/wp\/v2\/types\/post"}],"author":[{"embeddable":true,"href":"https:\/\/www.agriatv.hu\/index.php?rest_route=\/wp\/v2\/users\/4"}],"replies":[{"embeddable":true,"href":"https:\/\/www.agriatv.hu\/index.php?rest_route=%2Fwp%2Fv2%2Fcomments&post=19919"}],"version-history":[{"count":1,"href":"https:\/\/www.agriatv.hu\/index.php?rest_route=\/wp\/v2\/posts\/19919\/revisions"}],"predecessor-version":[{"id":19921,"href":"https:\/\/www.agriatv.hu\/index.php?rest_route=\/wp\/v2\/posts\/19919\/revisions\/19921"}],"wp:attachment":[{"href":"https:\/\/www.agriatv.hu\/index.php?rest_route=%2Fwp%2Fv2%2Fmedia&parent=19919"}],"wp:term":[{"taxonomy":"category","embeddable":true,"href":"https:\/\/www.agriatv.hu\/index.php?rest_route=%2Fwp%2Fv2%2Fcategories&post=19919"},{"taxonomy":"post_tag","embeddable":true,"href":"https:\/\/www.agriatv.hu\/index.php?rest_route=%2Fwp%2Fv2%2Ftags&post=19919"}],"curies":[{"name":"wp","href":"https:\/\/api.w.org\/{rel}","templated":true}]}}