{"id":19926,"date":"2019-01-15T22:44:00","date_gmt":"2019-01-15T22:44:00","guid":{"rendered":"http:\/\/www.agriatv.hu\/?p=19926"},"modified":"2019-01-15T22:44:08","modified_gmt":"2019-01-15T22:44:08","slug":"dragabb-a-zoldseg-olcsobb-a-gyumolcs","status":"publish","type":"post","link":"https:\/\/www.agriatv.hu\/?p=19926","title":{"rendered":"Dr\u00e1g\u00e1bb a z\u00f6lds\u00e9g, olcs\u00f3bb a gy\u00fcm\u00f6lcs"},"content":{"rendered":"\n<div class=\"wp-block-image\"><figure class=\"alignleft is-resized\"><img loading=\"lazy\" decoding=\"async\" src=\"https:\/\/www.agriatv.hu\/wp-content\/uploads\/2019\/01\/634893.325x183.jpg\" alt=\"\" class=\"wp-image-19927\" width=\"173\" height=\"97\" srcset=\"https:\/\/www.agriatv.hu\/wp-content\/uploads\/2019\/01\/634893.325x183.jpg 325w, https:\/\/www.agriatv.hu\/wp-content\/uploads\/2019\/01\/634893.325x183-300x169.jpg 300w\" sizes=\"auto, (max-width: 173px) 100vw, 173px\" \/><\/figure><\/div>\n\n\n\n<p> Rengeteget dr\u00e1gult a b\u00faza, a kukorica, a paradicsom \u00e9s a hagyma \u00e1ra is a tavalyi \u00e1rakhoz k\u00e9pest, de a t\u00f6bbi levesz\u00f6lds\u00e9g \u00e1ra is meglehet\u0151sen borsos. R\u00e1ad\u00e1sul a magas \u00e1rak a tavalyi sz\u00e1raz id\u0151j\u00e1r\u00e1s miatt nem is mennek lejjebb. A sz\u0151l\u0151 \u00e9s az alma \u00e1ra viszont csaknem harmad\u00e1val cs\u00f6kkent, \u00e9s ez eg\u00e9szen a szezon v\u00e9g\u00e9ig \u00edgy is marad. <\/p>\n\n\n\n<figure><iframe loading=\"lazy\" allowfullscreen=\"yes\" width=\"640\" height=\"360\" src=\"\/\/tenyek.hu\/neoplayer\/tv2\/embed\/280913_dragabb-a-zoldseg-olcsobb-a-gyumolcs.html\"><\/iframe><\/figure>\n","protected":false},"excerpt":{"rendered":"<p> Rengeteget dr\u00e1gult a b\u00faza, a kukorica, a paradicsom \u00e9s a hagyma \u00e1ra is a tavalyi \u00e1rakhoz k\u00e9pest, de a t\u00f6bbi levesz\u00f6lds\u00e9g \u00e1ra is meglehet\u0151sen borsos. R\u00e1ad\u00e1sul a magas \u00e1rak a tavalyi sz\u00e1raz id\u0151j\u00e1r\u00e1s miatt nem is mennek lejjebb. A sz\u0151l\u0151 \u00e9s az alma \u00e1ra viszont csaknem harmad\u00e1val cs\u00f6kkent, \u00e9s ez eg\u00e9szen a szezon v\u00e9g\u00e9ig [&#8230;]<\/p>\n","protected":false},"author":4,"featured_media":0,"comment_status":"open","ping_status":"closed","sticky":false,"template":"","format":"standard","meta":{"footnotes":""},"categories":[6,450],"tags":[1940,1280,1275],"class_list":["post-19926","post","type-post","status-publish","format-standard","hentry","category-belfold","category-gazdasag-2","tag-gyumolcs","tag-piac","tag-zoldseg"],"_links":{"self":[{"href":"https:\/\/www.agriatv.hu\/index.php?rest_route=\/wp\/v2\/posts\/19926","targetHints":{"allow":["GET"]}}],"collection":[{"href":"https:\/\/www.agriatv.hu\/index.php?rest_route=\/wp\/v2\/posts"}],"about":[{"href":"https:\/\/www.agriatv.hu\/index.php?rest_route=\/wp\/v2\/types\/post"}],"author":[{"embeddable":true,"href":"https:\/\/www.agriatv.hu\/index.php?rest_route=\/wp\/v2\/users\/4"}],"replies":[{"embeddable":true,"href":"https:\/\/www.agriatv.hu\/index.php?rest_route=%2Fwp%2Fv2%2Fcomments&post=19926"}],"version-history":[{"count":1,"href":"https:\/\/www.agriatv.hu\/index.php?rest_route=\/wp\/v2\/posts\/19926\/revisions"}],"predecessor-version":[{"id":19928,"href":"https:\/\/www.agriatv.hu\/index.php?rest_route=\/wp\/v2\/posts\/19926\/revisions\/19928"}],"wp:attachment":[{"href":"https:\/\/www.agriatv.hu\/index.php?rest_route=%2Fwp%2Fv2%2Fmedia&parent=19926"}],"wp:term":[{"taxonomy":"category","embeddable":true,"href":"https:\/\/www.agriatv.hu\/index.php?rest_route=%2Fwp%2Fv2%2Fcategories&post=19926"},{"taxonomy":"post_tag","embeddable":true,"href":"https:\/\/www.agriatv.hu\/index.php?rest_route=%2Fwp%2Fv2%2Ftags&post=19926"}],"curies":[{"name":"wp","href":"https:\/\/api.w.org\/{rel}","templated":true}]}}