{"id":19949,"date":"2019-01-23T21:30:13","date_gmt":"2019-01-23T21:30:13","guid":{"rendered":"http:\/\/www.agriatv.hu\/?p=19949"},"modified":"2019-01-23T21:30:18","modified_gmt":"2019-01-23T21:30:18","slug":"bennegett-a-hazban-raszakadt-a-teto","status":"publish","type":"post","link":"https:\/\/www.agriatv.hu\/?p=19949","title":{"rendered":"Benn\u00e9gett a h\u00e1zban, r\u00e1szakadt a tet\u0151"},"content":{"rendered":"\n<div class=\"wp-block-image\"><figure class=\"alignleft is-resized\"><img loading=\"lazy\" decoding=\"async\" src=\"https:\/\/www.agriatv.hu\/wp-content\/uploads\/2019\/01\/636500.325x183.jpg\" alt=\"\" class=\"wp-image-19950\" width=\"157\" height=\"88\" srcset=\"https:\/\/www.agriatv.hu\/wp-content\/uploads\/2019\/01\/636500.325x183.jpg 325w, https:\/\/www.agriatv.hu\/wp-content\/uploads\/2019\/01\/636500.325x183-300x169.jpg 300w\" sizes=\"auto, (max-width: 157px) 100vw, 157px\" \/><\/figure><\/div>\n\n\n\n<p> Saj\u00e1t h\u00e1z\u00e1ban \u00e9gett hal\u00e1lra egy id\u0151s f\u00e9rfi Horton. Val\u00f3sz\u00edn\u0171leg aludt, mikor kigyulladt az \u00e9p\u00fclet, ezek ut\u00e1n pedig a tet\u0151szerkezet is r\u00e1szakadt. A t\u0171zolt\u00f3k csak a t\u0171z elolt\u00e1sa ut\u00e1n tal\u00e1lt\u00e1k meg. Hogy mi okozhatta a t\u00fczet, azt m\u00e9g egyel\u0151re vizsg\u00e1lj\u00e1k. <\/p>\n\n\n\n<figure><iframe loading=\"lazy\" allowfullscreen=\"yes\" width=\"640\" height=\"360\" src=\"\/\/tenyek.hu\/neoplayer\/tv2\/embed\/281723_bennegett-a-hazban-raszakadt-a-teto.html\"><\/iframe><\/figure>\n\n\n\n<p><\/p>\n","protected":false},"excerpt":{"rendered":"<p> Saj\u00e1t h\u00e1z\u00e1ban \u00e9gett hal\u00e1lra egy id\u0151s f\u00e9rfi Horton. Val\u00f3sz\u00edn\u0171leg aludt, mikor kigyulladt az \u00e9p\u00fclet, ezek ut\u00e1n pedig a tet\u0151szerkezet is r\u00e1szakadt. A t\u0171zolt\u00f3k csak a t\u0171z elolt\u00e1sa ut\u00e1n tal\u00e1lt\u00e1k meg. Hogy mi okozhatta a t\u00fczet, azt m\u00e9g egyel\u0151re vizsg\u00e1lj\u00e1k. <\/p>\n","protected":false},"author":4,"featured_media":0,"comment_status":"open","ping_status":"closed","sticky":false,"template":"","format":"standard","meta":{"footnotes":""},"categories":[5],"tags":[795],"class_list":["post-19949","post","type-post","status-publish","format-standard","hentry","category-kek-hirek","tag-halott"],"_links":{"self":[{"href":"https:\/\/www.agriatv.hu\/index.php?rest_route=\/wp\/v2\/posts\/19949","targetHints":{"allow":["GET"]}}],"collection":[{"href":"https:\/\/www.agriatv.hu\/index.php?rest_route=\/wp\/v2\/posts"}],"about":[{"href":"https:\/\/www.agriatv.hu\/index.php?rest_route=\/wp\/v2\/types\/post"}],"author":[{"embeddable":true,"href":"https:\/\/www.agriatv.hu\/index.php?rest_route=\/wp\/v2\/users\/4"}],"replies":[{"embeddable":true,"href":"https:\/\/www.agriatv.hu\/index.php?rest_route=%2Fwp%2Fv2%2Fcomments&post=19949"}],"version-history":[{"count":1,"href":"https:\/\/www.agriatv.hu\/index.php?rest_route=\/wp\/v2\/posts\/19949\/revisions"}],"predecessor-version":[{"id":19951,"href":"https:\/\/www.agriatv.hu\/index.php?rest_route=\/wp\/v2\/posts\/19949\/revisions\/19951"}],"wp:attachment":[{"href":"https:\/\/www.agriatv.hu\/index.php?rest_route=%2Fwp%2Fv2%2Fmedia&parent=19949"}],"wp:term":[{"taxonomy":"category","embeddable":true,"href":"https:\/\/www.agriatv.hu\/index.php?rest_route=%2Fwp%2Fv2%2Fcategories&post=19949"},{"taxonomy":"post_tag","embeddable":true,"href":"https:\/\/www.agriatv.hu\/index.php?rest_route=%2Fwp%2Fv2%2Ftags&post=19949"}],"curies":[{"name":"wp","href":"https:\/\/api.w.org\/{rel}","templated":true}]}}