{"id":19963,"date":"2019-01-26T18:48:03","date_gmt":"2019-01-26T18:48:03","guid":{"rendered":"http:\/\/www.agriatv.hu\/?p=19963"},"modified":"2019-01-26T18:48:15","modified_gmt":"2019-01-26T18:48:15","slug":"leghidegebb-es-legszelesebb-ejszaka","status":"publish","type":"post","link":"https:\/\/www.agriatv.hu\/?p=19963","title":{"rendered":"Leghidegebb \u00e9s legszelesebb \u00e9jszaka"},"content":{"rendered":"\n<div class=\"wp-block-image\"><figure class=\"alignleft is-resized\"><img loading=\"lazy\" decoding=\"async\" src=\"https:\/\/www.agriatv.hu\/wp-content\/uploads\/2019\/01\/637076.325x183.jpg\" alt=\"\" class=\"wp-image-19964\" width=\"177\" height=\"100\" srcset=\"https:\/\/www.agriatv.hu\/wp-content\/uploads\/2019\/01\/637076.325x183.jpg 325w, https:\/\/www.agriatv.hu\/wp-content\/uploads\/2019\/01\/637076.325x183-300x169.jpg 300w\" sizes=\"auto, (max-width: 177px) 100vw, 177px\" \/><\/figure><\/div>\n\n\n\n<p> A t\u00e9l egyik leghidegebb \u00e9jszak\u00e1ja volt, csaknem m\u00ednusz 18 fokot m\u00e9rtek N\u00f3gr\u00e1d megy\u00e9ben, Sz\u00e9cs\u00e9nyben. De az egyik legszelesebb \u00e9jjel is tegnap volt, a Kab hegyen t\u00f6bb mint sz\u00e1z kilom\u00e9teres szelet m\u00e9rtek. Ma este pedig \u00f3nos es\u0151 okozhat gondot, m\u00e1sodfok\u00fa figyelmeztet\u00e9st adtak ki Gy\u0151r k\u00f6rny\u00e9k\u00e9re. <\/p>\n\n\n\n<figure><iframe loading=\"lazy\" allowfullscreen=\"yes\" width=\"640\" height=\"360\" src=\"\/\/tenyek.hu\/neoplayer\/tv2\/embed\/282015_leghidegebb-es-legszelesebb-ejszaka.html\"><\/iframe><\/figure>\n","protected":false},"excerpt":{"rendered":"<p> A t\u00e9l egyik leghidegebb \u00e9jszak\u00e1ja volt, csaknem m\u00ednusz 18 fokot m\u00e9rtek N\u00f3gr\u00e1d megy\u00e9ben, Sz\u00e9cs\u00e9nyben. De az egyik legszelesebb \u00e9jjel is tegnap volt, a Kab hegyen t\u00f6bb mint sz\u00e1z kilom\u00e9teres szelet m\u00e9rtek. Ma este pedig \u00f3nos es\u0151 okozhat gondot, m\u00e1sodfok\u00fa figyelmeztet\u00e9st adtak ki Gy\u0151r k\u00f6rny\u00e9k\u00e9re. <\/p>\n","protected":false},"author":4,"featured_media":0,"comment_status":"open","ping_status":"closed","sticky":false,"template":"","format":"standard","meta":{"footnotes":""},"categories":[6,4],"tags":[892,899],"class_list":["post-19963","post","type-post","status-publish","format-standard","hentry","category-belfold","category-szabadido","tag-hideg","tag-idojaras"],"_links":{"self":[{"href":"https:\/\/www.agriatv.hu\/index.php?rest_route=\/wp\/v2\/posts\/19963","targetHints":{"allow":["GET"]}}],"collection":[{"href":"https:\/\/www.agriatv.hu\/index.php?rest_route=\/wp\/v2\/posts"}],"about":[{"href":"https:\/\/www.agriatv.hu\/index.php?rest_route=\/wp\/v2\/types\/post"}],"author":[{"embeddable":true,"href":"https:\/\/www.agriatv.hu\/index.php?rest_route=\/wp\/v2\/users\/4"}],"replies":[{"embeddable":true,"href":"https:\/\/www.agriatv.hu\/index.php?rest_route=%2Fwp%2Fv2%2Fcomments&post=19963"}],"version-history":[{"count":1,"href":"https:\/\/www.agriatv.hu\/index.php?rest_route=\/wp\/v2\/posts\/19963\/revisions"}],"predecessor-version":[{"id":19965,"href":"https:\/\/www.agriatv.hu\/index.php?rest_route=\/wp\/v2\/posts\/19963\/revisions\/19965"}],"wp:attachment":[{"href":"https:\/\/www.agriatv.hu\/index.php?rest_route=%2Fwp%2Fv2%2Fmedia&parent=19963"}],"wp:term":[{"taxonomy":"category","embeddable":true,"href":"https:\/\/www.agriatv.hu\/index.php?rest_route=%2Fwp%2Fv2%2Fcategories&post=19963"},{"taxonomy":"post_tag","embeddable":true,"href":"https:\/\/www.agriatv.hu\/index.php?rest_route=%2Fwp%2Fv2%2Ftags&post=19963"}],"curies":[{"name":"wp","href":"https:\/\/api.w.org\/{rel}","templated":true}]}}