{"id":19974,"date":"2019-01-30T11:24:50","date_gmt":"2019-01-30T11:24:50","guid":{"rendered":"http:\/\/www.agriatv.hu\/?p=19974"},"modified":"2019-01-30T19:42:30","modified_gmt":"2019-01-30T19:42:30","slug":"dolgozni-sietett-balesetben-meghalt","status":"publish","type":"post","link":"https:\/\/www.agriatv.hu\/?p=19974","title":{"rendered":"Dolgozni sietett, balesetben meghalt"},"content":{"rendered":"\n<div class=\"wp-block-image\"><figure class=\"alignleft is-resized\"><img loading=\"lazy\" decoding=\"async\" src=\"https:\/\/www.agriatv.hu\/wp-content\/uploads\/2019\/01\/f-3-1024x576.jpg\" alt=\"\" class=\"wp-image-19975\" width=\"168\" height=\"94\" srcset=\"https:\/\/www.agriatv.hu\/wp-content\/uploads\/2019\/01\/f-3-1024x576.jpg 1024w, https:\/\/www.agriatv.hu\/wp-content\/uploads\/2019\/01\/f-3-300x169.jpg 300w, https:\/\/www.agriatv.hu\/wp-content\/uploads\/2019\/01\/f-3-768x432.jpg 768w, https:\/\/www.agriatv.hu\/wp-content\/uploads\/2019\/01\/f-3.jpg 1920w\" sizes=\"auto, (max-width: 168px) 100vw, 168px\" \/><\/figure><\/div>\n\n\n\n<p>Hal\u00e1los kimentel\u0171 k\u00f6zleked\u00e9si baleset t\u00f6rt\u00e9nt  szerda reggel Borsod megy\u00e9ben, \u00d3zd \u00e9s Kir\u00e1ld k\u00f6z\u00f6tt.<\/p>\n\n\n\n<p>Egy 24 \u00e9ves f\u00e9rfi k\u00f6zlekedett Kir\u00e1ld ir\u00e1ny\u00e1b\u00f3l \u00d3zd ir\u00e1ny\u00e1ba, amikor egy jobbra \u00edvel\u00e9s\u0171 kanyarban megcs\u00faszott \u00e9s oldal\u00e1val egy teheraut\u00f3nak sodr\u00f3dott. <\/p>\n\n\n\n<p>\u00dagy tudjuk, a fiatal az \u00f3zdi k\u00f3rh\u00e1zban dolgozott, oda sietett, mert k\u00e9s\u00e9sben volt. A teheraut\u00f3 vezet\u0151je kamer\u00e1n k\u00edv\u00fcl elmondta: hirtelen t\u0171nt fel a kanyarban az aut\u00f3, es\u00e9lye sem volt  a balesetet elker\u00fclni. F\u00e9kezett, pr\u00f3b\u00e1lt leh\u00faz\u00f3dni, de a megrakott kocsival majdnem \u00edgy is az \u00fat melletti \u00e1rokba sodr\u00f3dott.<\/p>\n\n\n\n<p>Az \u00fctk\u00f6z\u00e9s ut\u00e1n azonnal a s\u00e9r\u00fclt seg\u00edts\u00e9g\u00e9re sietett, \u00e9rtes\u00edtette a hat\u00f3s\u00e1gokat.<\/p>\n\n\n\n<p>A fiatal \u00e9let\u00e9t a gyors orvosi beavatkoz\u00e1ssal sem tudt\u00e1k megmenteni.<\/p>\n\n\n\n<p>A szerencs\u00e9tlens\u00e9g idej\u00e9n friss h\u00f3 volt az utakon.<\/p>\n\n\n\n<figure class=\"wp-block-embed-youtube wp-block-embed is-type-rich is-provider-youtube\"><div class=\"wp-block-embed__wrapper\">\n<blockquote class=\"embedly-card\" data-card-controls=\"1\" data-card-align=\"center\" data-card-theme=\"light\" data-card-key=\"bbb82e0305934450ba516e363ef455a7\"><h4><a href=\"https:\/\/youtu.be\/6WzBfazuaMQ\">190130halalos kirald y<\/a><\/h4><p>Uploaded by Agria Tv Bt on 2019-01-30.<\/p><\/blockquote><script async src=\"\/\/cdn.embedly.com\/widgets\/platform.js\" charset=\"UTF-8\"><\/script>\n<\/div><\/figure>\n\n\n\n<figure class=\"wp-block-embed is-type-rich is-provider-tenyek\"><div class=\"wp-block-embed__wrapper\">\nhttps:\/\/tenyek.hu\/tenyek\/282468_meghalt-mert-sietett-a-munkaba.html\n<\/div><\/figure>\n","protected":false},"excerpt":{"rendered":"<p>Hal\u00e1los kimentel\u0171 k\u00f6zleked\u00e9si baleset t\u00f6rt\u00e9nt  szerda reggel Borsod megy\u00e9ben, \u00d3zd \u00e9s Kir\u00e1ld k\u00f6z\u00f6tt.<\/p>\n<p>Egy 24 \u00e9ves f\u00e9rfi k\u00f6zlekedett Kir\u00e1ld ir\u00e1ny\u00e1b\u00f3l \u00d3zd ir\u00e1ny\u00e1ba, amikor egy jobbra \u00edvel\u00e9s\u0171 kanyarban megcs\u00faszott \u00e9s oldal\u00e1val egy teheraut\u00f3nak sodr\u00f3dott. <\/p>\n<p>\u00dagy tudjuk, a fiatal az \u00f3zdi k\u00f3rh\u00e1zban dolgozott, oda sietett, mert k\u00e9s\u00e9sben volt. A teheraut\u00f3 vezet\u0151je kamer\u00e1n k\u00edv\u00fcl elmondta: hirtelen t\u0171nt fel [&#8230;]<\/p>\n","protected":false},"author":4,"featured_media":0,"comment_status":"open","ping_status":"closed","sticky":false,"template":"","format":"standard","meta":{"footnotes":""},"categories":[5],"tags":[122],"class_list":["post-19974","post","type-post","status-publish","format-standard","hentry","category-kek-hirek","tag-rendorseg"],"_links":{"self":[{"href":"https:\/\/www.agriatv.hu\/index.php?rest_route=\/wp\/v2\/posts\/19974","targetHints":{"allow":["GET"]}}],"collection":[{"href":"https:\/\/www.agriatv.hu\/index.php?rest_route=\/wp\/v2\/posts"}],"about":[{"href":"https:\/\/www.agriatv.hu\/index.php?rest_route=\/wp\/v2\/types\/post"}],"author":[{"embeddable":true,"href":"https:\/\/www.agriatv.hu\/index.php?rest_route=\/wp\/v2\/users\/4"}],"replies":[{"embeddable":true,"href":"https:\/\/www.agriatv.hu\/index.php?rest_route=%2Fwp%2Fv2%2Fcomments&post=19974"}],"version-history":[{"count":2,"href":"https:\/\/www.agriatv.hu\/index.php?rest_route=\/wp\/v2\/posts\/19974\/revisions"}],"predecessor-version":[{"id":19978,"href":"https:\/\/www.agriatv.hu\/index.php?rest_route=\/wp\/v2\/posts\/19974\/revisions\/19978"}],"wp:attachment":[{"href":"https:\/\/www.agriatv.hu\/index.php?rest_route=%2Fwp%2Fv2%2Fmedia&parent=19974"}],"wp:term":[{"taxonomy":"category","embeddable":true,"href":"https:\/\/www.agriatv.hu\/index.php?rest_route=%2Fwp%2Fv2%2Fcategories&post=19974"},{"taxonomy":"post_tag","embeddable":true,"href":"https:\/\/www.agriatv.hu\/index.php?rest_route=%2Fwp%2Fv2%2Ftags&post=19974"}],"curies":[{"name":"wp","href":"https:\/\/api.w.org\/{rel}","templated":true}]}}