{"id":19979,"date":"2019-01-31T15:19:08","date_gmt":"2019-01-31T15:19:08","guid":{"rendered":"http:\/\/www.agriatv.hu\/?p=19979"},"modified":"2019-01-31T15:19:10","modified_gmt":"2019-01-31T15:19:10","slug":"arokba-borult-egy-auto-hatvannal","status":"publish","type":"post","link":"https:\/\/www.agriatv.hu\/?p=19979","title":{"rendered":"\u00c1rokba borult egy aut\u00f3 Hatvann\u00e1l"},"content":{"rendered":"\n<div class=\"wp-block-image\"><figure class=\"alignleft is-resized\"><img loading=\"lazy\" decoding=\"async\" src=\"https:\/\/www.agriatv.hu\/wp-content\/uploads\/2019\/01\/f-4-1024x576.jpg\" alt=\"\" class=\"wp-image-19980\" width=\"174\" height=\"98\" srcset=\"https:\/\/www.agriatv.hu\/wp-content\/uploads\/2019\/01\/f-4-1024x576.jpg 1024w, https:\/\/www.agriatv.hu\/wp-content\/uploads\/2019\/01\/f-4-300x169.jpg 300w, https:\/\/www.agriatv.hu\/wp-content\/uploads\/2019\/01\/f-4-768x432.jpg 768w, https:\/\/www.agriatv.hu\/wp-content\/uploads\/2019\/01\/f-4.jpg 1920w\" sizes=\"auto, (max-width: 174px) 100vw, 174px\" \/><\/figure><\/div>\n\n\n\n<p>Val\u00f3sz\u00edn\u0171leg nem a megengedett sebess\u00e9ggel vezette j\u00e1rm\u0171v\u00e9t az az aut\u00f3s, aki balesetet szenvedett a 21-es \u00fat 4. km szelv\u00e9ny\u00e9n\u00e9l, Hatvan kozel\u00e9ben.<\/p>\n\n\n\n<p>\u00dagy tudjuk, a kocsi el\u0151sz\u00f6r a bels\u0151 szalagkorl\u00e1tnak ment neki, majt az \u00fat menti \u00e1rokba csap\u00f3dott, ahol t\u00f6bbsz\u00f6r megp\u00f6rd\u00fclt, v\u00e9g\u00fclfejen \u00e1llt meg.<\/p>\n\n\n\n<p>A kocsi vezet\u0151j\u00e9t a ment\u0151k k\u00f3rh\u00e1zba sz\u00e1ll\u00edtott\u00e1k, a helysz\u00ednel\u00e9s idej\u00e9re az utat lez\u00e1rt\u00e1k.<\/p>\n\n\n\n<figure class=\"wp-block-embed-youtube wp-block-embed is-type-rich is-provider-youtube\"><div class=\"wp-block-embed__wrapper\">\n<blockquote class=\"embedly-card\" data-card-controls=\"1\" data-card-align=\"center\" data-card-theme=\"light\" data-card-key=\"bbb82e0305934450ba516e363ef455a7\"><h4><a href=\"https:\/\/youtu.be\/GCtr8EbaNns\">190131baleset hatvan y<\/a><\/h4><p>Uploaded by Agria Tv Bt on 2019-01-31.<\/p><\/blockquote><script async src=\"\/\/cdn.embedly.com\/widgets\/platform.js\" charset=\"UTF-8\"><\/script>\n<\/div><\/figure>\n","protected":false},"excerpt":{"rendered":"<p>Val\u00f3sz\u00edn\u0171leg nem a megengedett sebess\u00e9ggel vezette j\u00e1rm\u0171v\u00e9t az az aut\u00f3s, aki balesetet szenvedett a 21-es \u00fat 4. km szelv\u00e9ny\u00e9n\u00e9l, Hatvan kozel\u00e9ben.<\/p>\n<p>\u00dagy tudjuk, a kocsi el\u0151sz\u00f6r a bels\u0151 szalagkorl\u00e1tnak ment neki, majt az \u00fat menti \u00e1rokba csap\u00f3dott, ahol t\u00f6bbsz\u00f6r megp\u00f6rd\u00fclt, v\u00e9g\u00fclfejen \u00e1llt meg.<\/p>\n<p>A kocsi vezet\u0151j\u00e9t a ment\u0151k k\u00f3rh\u00e1zba sz\u00e1ll\u00edtott\u00e1k, a helysz\u00ednel\u00e9s idej\u00e9re az utat lez\u00e1rt\u00e1k.<\/p>\n<p>190131baleset hatvan [&#8230;]<\/p>\n","protected":false},"author":4,"featured_media":0,"comment_status":"open","ping_status":"closed","sticky":false,"template":"","format":"standard","meta":{"footnotes":""},"categories":[5],"tags":[41,122],"class_list":["post-19979","post","type-post","status-publish","format-standard","hentry","category-kek-hirek","tag-baleset","tag-rendorseg"],"_links":{"self":[{"href":"https:\/\/www.agriatv.hu\/index.php?rest_route=\/wp\/v2\/posts\/19979","targetHints":{"allow":["GET"]}}],"collection":[{"href":"https:\/\/www.agriatv.hu\/index.php?rest_route=\/wp\/v2\/posts"}],"about":[{"href":"https:\/\/www.agriatv.hu\/index.php?rest_route=\/wp\/v2\/types\/post"}],"author":[{"embeddable":true,"href":"https:\/\/www.agriatv.hu\/index.php?rest_route=\/wp\/v2\/users\/4"}],"replies":[{"embeddable":true,"href":"https:\/\/www.agriatv.hu\/index.php?rest_route=%2Fwp%2Fv2%2Fcomments&post=19979"}],"version-history":[{"count":1,"href":"https:\/\/www.agriatv.hu\/index.php?rest_route=\/wp\/v2\/posts\/19979\/revisions"}],"predecessor-version":[{"id":19981,"href":"https:\/\/www.agriatv.hu\/index.php?rest_route=\/wp\/v2\/posts\/19979\/revisions\/19981"}],"wp:attachment":[{"href":"https:\/\/www.agriatv.hu\/index.php?rest_route=%2Fwp%2Fv2%2Fmedia&parent=19979"}],"wp:term":[{"taxonomy":"category","embeddable":true,"href":"https:\/\/www.agriatv.hu\/index.php?rest_route=%2Fwp%2Fv2%2Fcategories&post=19979"},{"taxonomy":"post_tag","embeddable":true,"href":"https:\/\/www.agriatv.hu\/index.php?rest_route=%2Fwp%2Fv2%2Ftags&post=19979"}],"curies":[{"name":"wp","href":"https:\/\/api.w.org\/{rel}","templated":true}]}}