{"id":19982,"date":"2019-02-01T20:05:53","date_gmt":"2019-02-01T20:05:53","guid":{"rendered":"http:\/\/www.agriatv.hu\/?p=19982"},"modified":"2019-02-01T20:05:58","modified_gmt":"2019-02-01T20:05:58","slug":"temetes-utan-gazolta-halalra-a-busz","status":"publish","type":"post","link":"https:\/\/www.agriatv.hu\/?p=19982","title":{"rendered":"Temet\u00e9s ut\u00e1n g\u00e1zolta hal\u00e1lra a busz"},"content":{"rendered":"\n<div class=\"wp-block-image\"><figure class=\"alignleft is-resized\"><img loading=\"lazy\" decoding=\"async\" src=\"https:\/\/www.agriatv.hu\/wp-content\/uploads\/2019\/02\/638393.325x183.jpg\" alt=\"\" class=\"wp-image-19983\" width=\"178\" height=\"100\" srcset=\"https:\/\/www.agriatv.hu\/wp-content\/uploads\/2019\/02\/638393.325x183.jpg 325w, https:\/\/www.agriatv.hu\/wp-content\/uploads\/2019\/02\/638393.325x183-300x169.jpg 300w\" sizes=\"auto, (max-width: 178px) 100vw, 178px\" \/><\/figure><\/div>\n\n\n\n<p> Busz al\u00e1 esett \u00e9s meghalt egy 75 \u00e9ves n\u0151 Borsodn\u00e1dasdon. Hogy pontosan mi t\u00f6rt\u00e9nt, m\u00e9g nem lehet tudni, mert sem a sof\u0151r, sem az utasok nem l\u00e1ttak semmit. Egy helyi f\u00e9rfi viszont azt mondta a T\u00e9nyeknek, hogy miut\u00e1n az asszony lesz\u00e1llt, \u00e9szrevette, hogy a t\u00e1sk\u00e1j\u00e1t ott hagyta. Ez\u00e9rt akart visszal\u00e9pni, \u00e9s ekkor cs\u00faszhatott a busz al\u00e1. A trag\u00e9dia el\u0151tt egy\u00e9bk\u00e9nt egy temet\u00e9sen volt, onnan utazott haza. <\/p>\n\n\n\n<figure><iframe loading=\"lazy\" allowfullscreen=\"yes\" width=\"640\" height=\"360\" src=\"\/\/tenyek.hu\/neoplayer\/tv2\/embed\/282703_temetes-utan-gazolta-halalra-a-busz.html\"><\/iframe><\/figure>\n","protected":false},"excerpt":{"rendered":"<p> Busz al\u00e1 esett \u00e9s meghalt egy 75 \u00e9ves n\u0151 Borsodn\u00e1dasdon. Hogy pontosan mi t\u00f6rt\u00e9nt, m\u00e9g nem lehet tudni, mert sem a sof\u0151r, sem az utasok nem l\u00e1ttak semmit. Egy helyi f\u00e9rfi viszont azt mondta a T\u00e9nyeknek, hogy miut\u00e1n az asszony lesz\u00e1llt, \u00e9szrevette, hogy a t\u00e1sk\u00e1j\u00e1t ott hagyta. Ez\u00e9rt akart visszal\u00e9pni, \u00e9s ekkor cs\u00faszhatott a [&#8230;]<\/p>\n","protected":false},"author":4,"featured_media":0,"comment_status":"open","ping_status":"closed","sticky":false,"template":"","format":"standard","meta":{"footnotes":""},"categories":[5],"tags":[1993,968],"class_list":["post-19982","post","type-post","status-publish","format-standard","hentry","category-kek-hirek","tag-borsodnadasd","tag-busz"],"_links":{"self":[{"href":"https:\/\/www.agriatv.hu\/index.php?rest_route=\/wp\/v2\/posts\/19982","targetHints":{"allow":["GET"]}}],"collection":[{"href":"https:\/\/www.agriatv.hu\/index.php?rest_route=\/wp\/v2\/posts"}],"about":[{"href":"https:\/\/www.agriatv.hu\/index.php?rest_route=\/wp\/v2\/types\/post"}],"author":[{"embeddable":true,"href":"https:\/\/www.agriatv.hu\/index.php?rest_route=\/wp\/v2\/users\/4"}],"replies":[{"embeddable":true,"href":"https:\/\/www.agriatv.hu\/index.php?rest_route=%2Fwp%2Fv2%2Fcomments&post=19982"}],"version-history":[{"count":1,"href":"https:\/\/www.agriatv.hu\/index.php?rest_route=\/wp\/v2\/posts\/19982\/revisions"}],"predecessor-version":[{"id":19984,"href":"https:\/\/www.agriatv.hu\/index.php?rest_route=\/wp\/v2\/posts\/19982\/revisions\/19984"}],"wp:attachment":[{"href":"https:\/\/www.agriatv.hu\/index.php?rest_route=%2Fwp%2Fv2%2Fmedia&parent=19982"}],"wp:term":[{"taxonomy":"category","embeddable":true,"href":"https:\/\/www.agriatv.hu\/index.php?rest_route=%2Fwp%2Fv2%2Fcategories&post=19982"},{"taxonomy":"post_tag","embeddable":true,"href":"https:\/\/www.agriatv.hu\/index.php?rest_route=%2Fwp%2Fv2%2Ftags&post=19982"}],"curies":[{"name":"wp","href":"https:\/\/api.w.org\/{rel}","templated":true}]}}