{"id":20118,"date":"2019-03-05T07:16:54","date_gmt":"2019-03-05T07:16:54","guid":{"rendered":"http:\/\/www.agriatv.hu\/?p=20118"},"modified":"2019-03-05T07:17:01","modified_gmt":"2019-03-05T07:17:01","slug":"a-gondozono-es-a-rendor-segitett","status":"publish","type":"post","link":"https:\/\/www.agriatv.hu\/?p=20118","title":{"rendered":"A gondoz\u00f3n\u0151 \u00e9s a rend\u0151r seg\u00edtett"},"content":{"rendered":"\n<div class=\"wp-block-image\"><figure class=\"alignleft is-resized\"><img loading=\"lazy\" decoding=\"async\" src=\"https:\/\/www.agriatv.hu\/wp-content\/uploads\/2019\/03\/a-gondozono-es-a-rendor-segitett-az-idos-asszonyon-szihalom-elesett-neni_image_0674658b121266c26918f75a85de_1-1-1024x1024.jpg\" alt=\"\" class=\"wp-image-20119\" width=\"115\" height=\"115\" srcset=\"https:\/\/www.agriatv.hu\/wp-content\/uploads\/2019\/03\/a-gondozono-es-a-rendor-segitett-az-idos-asszonyon-szihalom-elesett-neni_image_0674658b121266c26918f75a85de_1-1-1024x1024.jpg 1024w, https:\/\/www.agriatv.hu\/wp-content\/uploads\/2019\/03\/a-gondozono-es-a-rendor-segitett-az-idos-asszonyon-szihalom-elesett-neni_image_0674658b121266c26918f75a85de_1-1-150x150.jpg 150w, https:\/\/www.agriatv.hu\/wp-content\/uploads\/2019\/03\/a-gondozono-es-a-rendor-segitett-az-idos-asszonyon-szihalom-elesett-neni_image_0674658b121266c26918f75a85de_1-1-300x300.jpg 300w, https:\/\/www.agriatv.hu\/wp-content\/uploads\/2019\/03\/a-gondozono-es-a-rendor-segitett-az-idos-asszonyon-szihalom-elesett-neni_image_0674658b121266c26918f75a85de_1-1-768x768.jpg 768w, https:\/\/www.agriatv.hu\/wp-content\/uploads\/2019\/03\/a-gondozono-es-a-rendor-segitett-az-idos-asszonyon-szihalom-elesett-neni_image_0674658b121266c26918f75a85de_1-1.jpg 1080w\" sizes=\"auto, (max-width: 115px) 100vw, 115px\" \/><\/figure><\/div>\n\n\n\n<p> Ha nem j\u00f6tt volna reggel a gondoz\u00f3n\u0151, \u00f3r\u00e1kig seg\u00edts\u00e9g n\u00e9lk\u00fcl maradhatott volna az a szihalmi asszony, aki a m\u00falt h\u00e9ten esett el az otthon\u00e1ban. A rend\u0151r\u00f6ket m\u00e1snap reggel a szoci\u00e1lis gondoz\u00f3 \u00e9rtes\u00edtette, mert az id\u0151s asszony nem reag\u00e1lt, \u00e9s bejutni sem tudtak hozz\u00e1. A k\u00f6rzeti megb\u00edzott fesz\u00edtette fel a bej\u00e1rati ajt\u00f3t, a 79 \u00e9ves n\u0151t a f\u00f6ld\u00f6n fekve tal\u00e1lt\u00e1k meg. <\/p>\n\n\n\n<figure><iframe src=\"https:\/\/rtl.hu\/embed\/1336724\" allowfullscreen=\"true\"><\/iframe><\/figure>\n","protected":false},"excerpt":{"rendered":"<p> Ha nem j\u00f6tt volna reggel a gondoz\u00f3n\u0151, \u00f3r\u00e1kig seg\u00edts\u00e9g n\u00e9lk\u00fcl maradhatott volna az a szihalmi asszony, aki a m\u00falt h\u00e9ten esett el az otthon\u00e1ban. A rend\u0151r\u00f6ket m\u00e1snap reggel a szoci\u00e1lis gondoz\u00f3 \u00e9rtes\u00edtette, mert az id\u0151s asszony nem reag\u00e1lt, \u00e9s bejutni sem tudtak hozz\u00e1. A k\u00f6rzeti megb\u00edzott fesz\u00edtette fel a bej\u00e1rati ajt\u00f3t, a 79 \u00e9ves [&#8230;]<\/p>\n","protected":false},"author":4,"featured_media":0,"comment_status":"open","ping_status":"closed","sticky":false,"template":"","format":"standard","meta":{"footnotes":""},"categories":[6,19,5],"tags":[3250],"class_list":["post-20118","post","type-post","status-publish","format-standard","hentry","category-belfold","category-egeszseg","category-kek-hirek","tag-gondozo"],"_links":{"self":[{"href":"https:\/\/www.agriatv.hu\/index.php?rest_route=\/wp\/v2\/posts\/20118","targetHints":{"allow":["GET"]}}],"collection":[{"href":"https:\/\/www.agriatv.hu\/index.php?rest_route=\/wp\/v2\/posts"}],"about":[{"href":"https:\/\/www.agriatv.hu\/index.php?rest_route=\/wp\/v2\/types\/post"}],"author":[{"embeddable":true,"href":"https:\/\/www.agriatv.hu\/index.php?rest_route=\/wp\/v2\/users\/4"}],"replies":[{"embeddable":true,"href":"https:\/\/www.agriatv.hu\/index.php?rest_route=%2Fwp%2Fv2%2Fcomments&post=20118"}],"version-history":[{"count":2,"href":"https:\/\/www.agriatv.hu\/index.php?rest_route=\/wp\/v2\/posts\/20118\/revisions"}],"predecessor-version":[{"id":20121,"href":"https:\/\/www.agriatv.hu\/index.php?rest_route=\/wp\/v2\/posts\/20118\/revisions\/20121"}],"wp:attachment":[{"href":"https:\/\/www.agriatv.hu\/index.php?rest_route=%2Fwp%2Fv2%2Fmedia&parent=20118"}],"wp:term":[{"taxonomy":"category","embeddable":true,"href":"https:\/\/www.agriatv.hu\/index.php?rest_route=%2Fwp%2Fv2%2Fcategories&post=20118"},{"taxonomy":"post_tag","embeddable":true,"href":"https:\/\/www.agriatv.hu\/index.php?rest_route=%2Fwp%2Fv2%2Ftags&post=20118"}],"curies":[{"name":"wp","href":"https:\/\/api.w.org\/{rel}","templated":true}]}}