{"id":20122,"date":"2019-03-05T19:21:40","date_gmt":"2019-03-05T19:21:40","guid":{"rendered":"http:\/\/www.agriatv.hu\/?p=20122"},"modified":"2019-03-05T19:21:53","modified_gmt":"2019-03-05T19:21:53","slug":"kovette-majd-letolta-a-nadragjat","status":"publish","type":"post","link":"https:\/\/www.agriatv.hu\/?p=20122","title":{"rendered":"K\u00f6vette, majd letolta a nadr\u00e1gj\u00e1t"},"content":{"rendered":"\n<div class=\"wp-block-image\"><figure class=\"alignleft is-resized\"><img loading=\"lazy\" decoding=\"async\" src=\"https:\/\/www.agriatv.hu\/wp-content\/uploads\/2019\/03\/643721.325x183.jpg\" alt=\"\" class=\"wp-image-20123\" width=\"154\" height=\"87\" srcset=\"https:\/\/www.agriatv.hu\/wp-content\/uploads\/2019\/03\/643721.325x183.jpg 325w, https:\/\/www.agriatv.hu\/wp-content\/uploads\/2019\/03\/643721.325x183-300x169.jpg 300w\" sizes=\"auto, (max-width: 154px) 100vw, 154px\" \/><\/figure><\/div>\n\n\n\n<p> Haz\u00e1ig k\u00f6vetett egy fiatal egri l\u00e1nyt, majd meg\u00e1llt a kapuban \u00e9s simogatta mag\u00e1t egy f\u00e9rfi Egerben. A l\u00e1ny nagyon megr\u00e9m\u00fclt. L\u00e1tta a f\u00e9rfi arc\u00e1t \u00e9s feljelent\u00e9st tett a rend\u0151rs\u00e9gen. Miut\u00e1n az interneten is meg\u00edrta ezt, t\u00f6bb egri n\u0151 is jelezte, hogy vel\u00fck is hasonl\u00f3 t\u00f6rt\u00e9nt a napokban. <\/p>\n\n\n\n<figure><iframe loading=\"lazy\" allowfullscreen=\"yes\" width=\"640\" height=\"360\" src=\"\/\/tenyek.hu\/neoplayer\/tv2\/embed\/285477_kovette-majd-letolta-a-nadragjat.html\"><\/iframe><\/figure>\n","protected":false},"excerpt":{"rendered":"<p> Haz\u00e1ig k\u00f6vetett egy fiatal egri l\u00e1nyt, majd meg\u00e1llt a kapuban \u00e9s simogatta mag\u00e1t egy f\u00e9rfi Egerben. A l\u00e1ny nagyon megr\u00e9m\u00fclt. L\u00e1tta a f\u00e9rfi arc\u00e1t \u00e9s feljelent\u00e9st tett a rend\u0151rs\u00e9gen. Miut\u00e1n az interneten is meg\u00edrta ezt, t\u00f6bb egri n\u0151 is jelezte, hogy vel\u00fck is hasonl\u00f3 t\u00f6rt\u00e9nt a napokban. <\/p>\n","protected":false},"author":4,"featured_media":0,"comment_status":"open","ping_status":"closed","sticky":false,"template":"","format":"standard","meta":{"footnotes":""},"categories":[5],"tags":[36],"class_list":["post-20122","post","type-post","status-publish","format-standard","hentry","category-kek-hirek","tag-eger"],"_links":{"self":[{"href":"https:\/\/www.agriatv.hu\/index.php?rest_route=\/wp\/v2\/posts\/20122","targetHints":{"allow":["GET"]}}],"collection":[{"href":"https:\/\/www.agriatv.hu\/index.php?rest_route=\/wp\/v2\/posts"}],"about":[{"href":"https:\/\/www.agriatv.hu\/index.php?rest_route=\/wp\/v2\/types\/post"}],"author":[{"embeddable":true,"href":"https:\/\/www.agriatv.hu\/index.php?rest_route=\/wp\/v2\/users\/4"}],"replies":[{"embeddable":true,"href":"https:\/\/www.agriatv.hu\/index.php?rest_route=%2Fwp%2Fv2%2Fcomments&post=20122"}],"version-history":[{"count":2,"href":"https:\/\/www.agriatv.hu\/index.php?rest_route=\/wp\/v2\/posts\/20122\/revisions"}],"predecessor-version":[{"id":20125,"href":"https:\/\/www.agriatv.hu\/index.php?rest_route=\/wp\/v2\/posts\/20122\/revisions\/20125"}],"wp:attachment":[{"href":"https:\/\/www.agriatv.hu\/index.php?rest_route=%2Fwp%2Fv2%2Fmedia&parent=20122"}],"wp:term":[{"taxonomy":"category","embeddable":true,"href":"https:\/\/www.agriatv.hu\/index.php?rest_route=%2Fwp%2Fv2%2Fcategories&post=20122"},{"taxonomy":"post_tag","embeddable":true,"href":"https:\/\/www.agriatv.hu\/index.php?rest_route=%2Fwp%2Fv2%2Ftags&post=20122"}],"curies":[{"name":"wp","href":"https:\/\/api.w.org\/{rel}","templated":true}]}}