{"id":20126,"date":"2019-03-05T20:04:26","date_gmt":"2019-03-05T20:04:26","guid":{"rendered":"http:\/\/www.agriatv.hu\/?p=20126"},"modified":"2019-03-05T20:04:37","modified_gmt":"2019-03-05T20:04:37","slug":"bence-es-hanna-a-legnepszerubb-nevek","status":"publish","type":"post","link":"https:\/\/www.agriatv.hu\/?p=20126","title":{"rendered":"Bence \u00e9s Hanna a legn\u00e9pszer\u0171bb nevek"},"content":{"rendered":"\n<div class=\"wp-block-image\"><figure class=\"alignleft is-resized\"><img loading=\"lazy\" decoding=\"async\" src=\"https:\/\/www.agriatv.hu\/wp-content\/uploads\/2019\/03\/643728.325x183.jpg\" alt=\"\" class=\"wp-image-20127\" width=\"147\" height=\"83\" srcset=\"https:\/\/www.agriatv.hu\/wp-content\/uploads\/2019\/03\/643728.325x183.jpg 325w, https:\/\/www.agriatv.hu\/wp-content\/uploads\/2019\/03\/643728.325x183-300x169.jpg 300w\" sizes=\"auto, (max-width: 147px) 100vw, 147px\" \/><\/figure><\/div>\n\n\n\n<p> K\u00f6zz\u00e9tett\u00e9k a tavalyi \u00e9v legn\u00e9pszer\u0171bb keresztneveinek \u00e9s vezet\u00e9kneveinek a list\u00e1j\u00e1t. A fi\u00fanevek k\u00f6z\u00fcl a Bence, a l\u00e1nynevek k\u00f6z\u00fcl pedig a Hanna lett a legt\u00f6bbsz\u00f6r adott keresztn\u00e9v az orsz\u00e1gban. A sz\u00fcl\u0151k n\u00e9vv\u00e1laszt\u00e1skor t\u00f6bb dologra is odafigyelnek. Van, aki a n\u00e9v eredet\u00e9nek is ut\u00e1nan\u00e9z, m\u00edg m\u00e1sok figyelembe veszik, hogy a gyerek feln\u0151ttk\u00e9nt is szeresse a nev\u00e9t. <\/p>\n\n\n\n<figure><iframe loading=\"lazy\" allowfullscreen=\"yes\" width=\"640\" height=\"360\" src=\"\/\/tenyek.hu\/neoplayer\/tv2\/embed\/285484_bence-es-hanna-a-legnepszerubb-nevek.html\"><\/iframe><\/figure>\n","protected":false},"excerpt":{"rendered":"<p> K\u00f6zz\u00e9tett\u00e9k a tavalyi \u00e9v legn\u00e9pszer\u0171bb keresztneveinek \u00e9s vezet\u00e9kneveinek a list\u00e1j\u00e1t. A fi\u00fanevek k\u00f6z\u00fcl a Bence, a l\u00e1nynevek k\u00f6z\u00fcl pedig a Hanna lett a legt\u00f6bbsz\u00f6r adott keresztn\u00e9v az orsz\u00e1gban. A sz\u00fcl\u0151k n\u00e9vv\u00e1laszt\u00e1skor t\u00f6bb dologra is odafigyelnek. Van, aki a n\u00e9v eredet\u00e9nek is ut\u00e1nan\u00e9z, m\u00edg m\u00e1sok figyelembe veszik, hogy a gyerek feln\u0151ttk\u00e9nt is szeresse a nev\u00e9t. [&#8230;]<\/p>\n","protected":false},"author":4,"featured_media":0,"comment_status":"open","ping_status":"closed","sticky":false,"template":"","format":"standard","meta":{"footnotes":""},"categories":[6,4],"tags":[3253,3251,3252],"class_list":["post-20126","post","type-post","status-publish","format-standard","hentry","category-belfold","category-szabadido","tag-hanna","tag-nev","tag-nevadas"],"_links":{"self":[{"href":"https:\/\/www.agriatv.hu\/index.php?rest_route=\/wp\/v2\/posts\/20126","targetHints":{"allow":["GET"]}}],"collection":[{"href":"https:\/\/www.agriatv.hu\/index.php?rest_route=\/wp\/v2\/posts"}],"about":[{"href":"https:\/\/www.agriatv.hu\/index.php?rest_route=\/wp\/v2\/types\/post"}],"author":[{"embeddable":true,"href":"https:\/\/www.agriatv.hu\/index.php?rest_route=\/wp\/v2\/users\/4"}],"replies":[{"embeddable":true,"href":"https:\/\/www.agriatv.hu\/index.php?rest_route=%2Fwp%2Fv2%2Fcomments&post=20126"}],"version-history":[{"count":1,"href":"https:\/\/www.agriatv.hu\/index.php?rest_route=\/wp\/v2\/posts\/20126\/revisions"}],"predecessor-version":[{"id":20128,"href":"https:\/\/www.agriatv.hu\/index.php?rest_route=\/wp\/v2\/posts\/20126\/revisions\/20128"}],"wp:attachment":[{"href":"https:\/\/www.agriatv.hu\/index.php?rest_route=%2Fwp%2Fv2%2Fmedia&parent=20126"}],"wp:term":[{"taxonomy":"category","embeddable":true,"href":"https:\/\/www.agriatv.hu\/index.php?rest_route=%2Fwp%2Fv2%2Fcategories&post=20126"},{"taxonomy":"post_tag","embeddable":true,"href":"https:\/\/www.agriatv.hu\/index.php?rest_route=%2Fwp%2Fv2%2Ftags&post=20126"}],"curies":[{"name":"wp","href":"https:\/\/api.w.org\/{rel}","templated":true}]}}