{"id":2014,"date":"2010-09-22T15:03:23","date_gmt":"2010-09-22T15:03:23","guid":{"rendered":"http:\/\/www.agriatv.hu\/?p=2014"},"modified":"2010-09-22T15:03:23","modified_gmt":"2010-09-22T15:03:23","slug":"az-lmp-fejlesztene-a-varos-kozlekedeset","status":"publish","type":"post","link":"https:\/\/www.agriatv.hu\/?p=2014","title":{"rendered":"Az LMP fejleszten\u00e9 a v\u00e1ros k\u00f6zleked\u00e9s\u00e9t"},"content":{"rendered":"<p><img loading=\"lazy\" decoding=\"async\" class=\"alignleft\" src=\"http:\/\/www.egriszin.hu\/RenderedContents\/IndexImages\/6\/6257-20100922161610-lmp.png\" alt=\"\" width=\"150\" height=\"94\" \/><strong>A Lehet M\u00e1s a Politika egri k\u00e9pvisel\u0151jel\u00f6ltjei ma d\u00e9lel\u0151tt  bemutatt\u00e1k a  p\u00e1rt Eger k\u00f6zleked\u00e9s\u00e9nek fejleszt\u00e9s\u00e9r\u0151l sz\u00f3l\u00f3  elk\u00e9pzel\u00e9s\u00e9t, amelynek  egyik legfontosabb eleme az \u00e9szak-d\u00e9li ir\u00e1ny\u00fa  k\u00f6zleked\u00e9s lehet\u0151s\u00e9geinek  b\u0151v\u00edt\u00e9se.<\/strong><\/p>\n<p>A 25-\u00f6s \u00faton, a v\u00e1ros f\u0151 \u00e9szak\u2013d\u00e9li k\u00f6zleked\u00e9si  tengely\u00e9n fontosnak tartan\u00e1nak egy hat\u00e9konyabb forgalomir\u00e1ny\u00edt\u00e1si  rendszer kialak\u00edt\u00e1s\u00e1t, a k\u00f6zleked\u00e9si l\u00e1mp\u00e1k elhelyez\u00e9snek  \u00fajragondol\u00e1s\u00e1val, ide\u00e1lis z\u00f6ld hull\u00e1m l\u00e9trehoz\u00e1s\u00e1val, vagy ak\u00e1r  k\u00f6rforgalmak kialak\u00edt\u00e1s\u00e1val.<br \/>\nDr. Csarn\u00f3 \u00c1kos, a Lehet M\u00e1s a  Politika egri listavezet\u0151je elmondta, hogy a jelenleg m\u0171k\u00f6d\u0151, aut\u00f3s  \u00e9szak\u2013d\u00e9li tengely mellett k\u00f6z\u00e9pt\u00e1von szeretn\u00e9nk el\u00e9rni, hogy a v\u00e1roson  \u00e1thalad\u00f3 vas\u00fatvonal is szervesen kapcsol\u00f3djon be a v\u00e1rosi \u00e9s v\u00e1ros  k\u00f6rny\u00e9ki k\u00f6zleked\u00e9s v\u00e9rkering\u00e9s\u00e9be. Egyr\u00e9szt \u00faj meg\u00e1ll\u00f3helyek  l\u00e9tes\u00edt\u00e9s\u00e9vel, m\u00e1sr\u00e9szt k\u00f6zvetlen F\u00fczesabony\u2013 Szilv\u00e1sv\u00e1rad j\u00e1rattal,  amely \u00fctemesen kapcsol\u00f3dhatna a f\u0151 vas\u00fati folyos\u00f3 menetrendj\u00e9hez \u2013  emelte ki a listavezet\u0151. Hozz\u00e1tette, hogy elk\u00e9pzelhet\u0151nek tartj\u00e1k  k\u00f6zvetlen Budapest\u2013Eger\u2013Szilv\u00e1sv\u00e1rad j\u00e1rat bevezet\u00e9s\u00e9t, ak\u00e1r \u00fagy is,  hogy az \u00e9rkez\u0151k k\u00f6zvetlen\u00fcl a v\u00e1rn\u00e1l sz\u00e1llhatn\u00e1nak ki.<br \/>\nCsarn\u00f3  \u00c1kos \u00fagy v\u00e9li, hogy a megl\u00e9v\u0151 ker\u00e9kp\u00e1r\u00fatszakaszok m\u00e1r kirajzolnak egy,  az Eger-patak ment\u00e9n halad\u00f3, \u00e9szak\u2013d\u00e9li gerincvonalat, amely vonalon a  tervezett fejleszt\u00e9seket fel kellene gyors\u00edtani, a hi\u00e1nyz\u00f3 szakaszokat  ki\u00e9p\u00edteni.<br \/>\nBocsi Rita, az 1-es v\u00e1laszt\u00f3k\u00f6rzet LMP-s jel\u00f6ltje  hozz\u00e1f\u0171zte elmondta, hogy fontosnak tartj\u00e1k a ker\u00e9kp\u00e1roz\u00e1s kult\u00far\u00e1j\u00e1nak  elterjeszt\u00e9s\u00e9t, a balesetmegel\u0151z\u0151 programok, akci\u00f3k bevezet\u00e9s\u00e9t az  iskol\u00e1kban, a ker\u00e9kp\u00e1ros-logik\u00e1val t\u00f6rt\u00e9n\u0151 fejleszt\u00e9seket Eger utc\u00e1inak  fel\u00faj\u00edt\u00e1sakor (pl. Arany J\u00e1nos utca). Szeretn\u00e9k el\u00e9rni a j\u00e1rd\u00e1k, padk\u00e1k  akad\u00e1lymentes\u00edt\u00e9s\u00e9t, hogy a babakocsit tol\u00f3k, a kerekessz\u00e9kesek \u00e9s az  id\u0151sek k\u00f6nnyebben tudjanak k\u00f6zlekedni a v\u00e1rosban.<br \/>\nSz\u00fcks\u00e9gesnek  tartan\u00e1nak egy, a teljes v\u00e1rosra kiterjed\u0151 ker\u00e9kp\u00e1ros k\u00f6zleked\u00e9si  koncepci\u00f3 kidolgoz\u00e1s\u00e1t, benne konkr\u00e9tan megfogalmazott c\u00e9lokkal \u00e9s  kivitelez\u00e9si hat\u00e1rid\u0151kkel. Csak indokolt esetekben ragaszkodnak \u00f6n\u00e1ll\u00f3  ker\u00e9kp\u00e1rutak ki\u00e9p\u00edt\u00e9s\u00e9hez, javasolj\u00e1k az egyszer\u0171bb \u00e9s olcs\u00f3bb  felfest\u00e9seket, alternat\u00edv \u00fatvonalakat, egy\u00e9b forgalomtechnikai m\u00f3dszerek  alkalmaz\u00e1s\u00e1t.<br \/>\nMind a vas\u00fati \u00e9s \u00e1ltal\u00e1ban a k\u00f6z\u00f6ss\u00e9gi k\u00f6zleked\u00e9s,  mind a ker\u00e9kp\u00e1ros k\u00f6zleked\u00e9s felt\u00e9teleinek fejleszt\u00e9s\u00e9t kiemelked\u0151en  fontos tekintik, mert \u00edgy cs\u00f6kkenthet\u0151 az utak zs\u00fafolts\u00e1ga, a l\u00e9g- \u00e9s  zajszennyezetts\u00e9g, ez\u00e1ltal pedig javulna az itt \u00e9l\u0151k \u00e9letmin\u0151s\u00e9ge,  eg\u00e9szs\u00e9gi \u00e1llapota.<br \/>\nA sajt\u00f3t\u00e1j\u00e9koztat\u00f3n elhangzott, hogy nem  \u00e9rtenek egyet azoknak a m\u00e9lygar\u00e1zsoknak \u00e9s parkol\u00f3h\u00e1zaknak a  meg\u00e9p\u00edt\u00e9s\u00e9vel, amelyeket a t\u00f6rt\u00e9nelmi belv\u00e1rosba terveznek, mivel ezek a  parkol\u00f3k a forgalmat a sz\u0171k utc\u00e1kba vonzz\u00e1k, ahol forgalomtorl\u00f3d\u00e1st  okoznak. szerint\u00fck ez\u00e1ltal n\u00f6vekszik a leveg\u0151 szennyezetts\u00e9ge, n\u0151 a zaj  \u00e9s balesetvesz\u00e9ly, rong\u00e1lj\u00e1k a m\u0171eml\u00e9keket \u00e9s zavarj\u00e1k a belv\u00e1ros  nyugalm\u00e1t.<\/p>\n<p>Forr\u00e1s: Egrisz\u00edn<\/p>\n","protected":false},"excerpt":{"rendered":"<p>A Lehet M\u00e1s a Politika egri k\u00e9pvisel\u0151jel\u00f6ltjei ma d\u00e9lel\u0151tt  bemutatt\u00e1k a  p\u00e1rt Eger k\u00f6zleked\u00e9s\u00e9nek fejleszt\u00e9s\u00e9r\u0151l sz\u00f3l\u00f3  elk\u00e9pzel\u00e9s\u00e9t, amelynek  egyik legfontosabb eleme az \u00e9szak-d\u00e9li ir\u00e1ny\u00fa  k\u00f6zleked\u00e9s lehet\u0151s\u00e9geinek  b\u0151v\u00edt\u00e9se.<br \/>\nA 25-\u00f6s \u00faton, a v\u00e1ros f\u0151 \u00e9szak\u2013d\u00e9li k\u00f6zleked\u00e9si  tengely\u00e9n fontosnak tartan\u00e1nak egy hat\u00e9konyabb forgalomir\u00e1ny\u00edt\u00e1si  rendszer kialak\u00edt\u00e1s\u00e1t, a k\u00f6zleked\u00e9si l\u00e1mp\u00e1k elhelyez\u00e9snek  [&#8230;]<\/p>\n","protected":false},"author":4,"featured_media":0,"comment_status":"open","ping_status":"open","sticky":false,"template":"","format":"standard","meta":{"footnotes":""},"categories":[3],"tags":[],"class_list":["post-2014","post","type-post","status-publish","format-standard","hentry","category-politika"],"_links":{"self":[{"href":"https:\/\/www.agriatv.hu\/index.php?rest_route=\/wp\/v2\/posts\/2014","targetHints":{"allow":["GET"]}}],"collection":[{"href":"https:\/\/www.agriatv.hu\/index.php?rest_route=\/wp\/v2\/posts"}],"about":[{"href":"https:\/\/www.agriatv.hu\/index.php?rest_route=\/wp\/v2\/types\/post"}],"author":[{"embeddable":true,"href":"https:\/\/www.agriatv.hu\/index.php?rest_route=\/wp\/v2\/users\/4"}],"replies":[{"embeddable":true,"href":"https:\/\/www.agriatv.hu\/index.php?rest_route=%2Fwp%2Fv2%2Fcomments&post=2014"}],"version-history":[{"count":2,"href":"https:\/\/www.agriatv.hu\/index.php?rest_route=\/wp\/v2\/posts\/2014\/revisions"}],"predecessor-version":[{"id":2016,"href":"https:\/\/www.agriatv.hu\/index.php?rest_route=\/wp\/v2\/posts\/2014\/revisions\/2016"}],"wp:attachment":[{"href":"https:\/\/www.agriatv.hu\/index.php?rest_route=%2Fwp%2Fv2%2Fmedia&parent=2014"}],"wp:term":[{"taxonomy":"category","embeddable":true,"href":"https:\/\/www.agriatv.hu\/index.php?rest_route=%2Fwp%2Fv2%2Fcategories&post=2014"},{"taxonomy":"post_tag","embeddable":true,"href":"https:\/\/www.agriatv.hu\/index.php?rest_route=%2Fwp%2Fv2%2Ftags&post=2014"}],"curies":[{"name":"wp","href":"https:\/\/api.w.org\/{rel}","templated":true}]}}