{"id":20161,"date":"2019-03-11T19:25:08","date_gmt":"2019-03-11T19:25:08","guid":{"rendered":"http:\/\/www.agriatv.hu\/?p=20161"},"modified":"2019-03-11T19:25:32","modified_gmt":"2019-03-11T19:25:32","slug":"pusztito-szel-soport-at-az-orszagon","status":"publish","type":"post","link":"https:\/\/www.agriatv.hu\/?p=20161","title":{"rendered":"Puszt\u00edt\u00f3 sz\u00e9l s\u00f6p\u00f6rt \u00e1t az orsz\u00e1gon"},"content":{"rendered":"\n<div class=\"wp-block-image\"><figure class=\"alignleft is-resized\"><img loading=\"lazy\" decoding=\"async\" src=\"https:\/\/www.agriatv.hu\/wp-content\/uploads\/2019\/03\/644879.325x183.jpg\" alt=\"\" class=\"wp-image-20162\" width=\"160\" height=\"90\" srcset=\"https:\/\/www.agriatv.hu\/wp-content\/uploads\/2019\/03\/644879.325x183.jpg 325w, https:\/\/www.agriatv.hu\/wp-content\/uploads\/2019\/03\/644879.325x183-300x169.jpg 300w\" sizes=\"auto, (max-width: 160px) 100vw, 160px\" \/><\/figure><\/div>\n\n\n\n<p> F\u00e1kat d\u00f6nt\u00f6tt ki, h\u00e1zakat rong\u00e1lt meg a viharos sz\u00e9l az eg\u00e9sz orsz\u00e1gban. A legnagyobb probl\u00e9m\u00e1k Pest megy\u00e9ben \u00e9s Budapesten voltak. A t\u0171zolt\u00f3kat reggel 7-ig mintegy 100 helyre h\u00edvt\u00e1k a k\u00e1rok miatt. A meteorol\u00f3giai el\u0151rejelz\u00e9sek szerint tov\u00e1bbra is szeles id\u0151 v\u00e1rhat\u00f3, ez\u00e9rt a kertben l\u00e9v\u0151 t\u00e1rgyakat, p\u00e9ld\u00e1ul a szersz\u00e1mokat \u00e9s a cserepes n\u00f6v\u00e9nyeket tan\u00e1csos z\u00e1rt helyre vinni. <\/p>\n\n\n\n<figure><iframe loading=\"lazy\" allowfullscreen=\"yes\" width=\"640\" height=\"360\" src=\"\/\/tenyek.hu\/neoplayer\/tv2\/embed\/286086_pusztito-szel-soport-at-az-orszagon.html\"><\/iframe><\/figure>\n\n\n\n<figure class=\"wp-block-embed is-type-rich is-provider-rtl-hu\"><div class=\"wp-block-embed__wrapper\">\n<blockquote class=\"embedly-card\" data-card-controls=\"1\" data-card-align=\"center\" data-card-theme=\"light\" data-card-key=\"bbb82e0305934450ba516e363ef455a7\"><h4><a href=\"https:\/\/rtl.hu\/rtlklub\/hirek\/szelvihar-pest-megyeben\">RTL.hu<\/a><\/h4><p>No Description<\/p><\/blockquote><script async src=\"\/\/cdn.embedly.com\/widgets\/platform.js\" charset=\"UTF-8\"><\/script>\n<\/div><\/figure>\n\n\n\n<figure class=\"wp-block-embed is-type-rich is-provider-atv-hu\"><div class=\"wp-block-embed__wrapper\">\n<blockquote class=\"embedly-card\" data-card-controls=\"1\" data-card-align=\"center\" data-card-theme=\"light\" data-card-key=\"bbb82e0305934450ba516e363ef455a7\"><h4><a href=\"http:\/\/www.atv.hu\/videok\/video-20190311-elkepeszto-merteku-karokat-okozott-a-szel\">ATV.hu<\/a><\/h4><p>Az ATV az els\u0151 mag\u00e1ntelev\u00edzi\u00f3 haz\u00e1nkban. A min\u0151s\u00e9gi, sz\u00ednvonalas, magas \u00e9rt\u00e9krend\u0171 m\u0171sorok k\u00e9sz\u00edt\u00e9s\u00e9t \u00e9s sug\u00e1rz\u00e1s\u00e1t c\u00e9lul kit\u0171z\u0151 kereskedelmi csatorna.<\/p><\/blockquote><script async src=\"\/\/cdn.embedly.com\/widgets\/platform.js\" charset=\"UTF-8\"><\/script>\n<\/div><\/figure>\n","protected":false},"excerpt":{"rendered":"<p> F\u00e1kat d\u00f6nt\u00f6tt ki, h\u00e1zakat rong\u00e1lt meg a viharos sz\u00e9l az eg\u00e9sz orsz\u00e1gban. A legnagyobb probl\u00e9m\u00e1k Pest megy\u00e9ben \u00e9s Budapesten voltak. A t\u0171zolt\u00f3kat reggel 7-ig mintegy 100 helyre h\u00edvt\u00e1k a k\u00e1rok miatt. A meteorol\u00f3giai el\u0151rejelz\u00e9sek szerint tov\u00e1bbra is szeles id\u0151 v\u00e1rhat\u00f3, ez\u00e9rt a kertben l\u00e9v\u0151 t\u00e1rgyakat, p\u00e9ld\u00e1ul a szersz\u00e1mokat \u00e9s a cserepes n\u00f6v\u00e9nyeket tan\u00e1csos z\u00e1rt [&#8230;]<\/p>\n","protected":false},"author":4,"featured_media":0,"comment_status":"open","ping_status":"closed","sticky":false,"template":"","format":"standard","meta":{"footnotes":""},"categories":[6,5],"tags":[116,467,3264],"class_list":["post-20161","post","type-post","status-publish","format-standard","hentry","category-belfold","category-kek-hirek","tag-fa","tag-forgalom","tag-syel"],"_links":{"self":[{"href":"https:\/\/www.agriatv.hu\/index.php?rest_route=\/wp\/v2\/posts\/20161","targetHints":{"allow":["GET"]}}],"collection":[{"href":"https:\/\/www.agriatv.hu\/index.php?rest_route=\/wp\/v2\/posts"}],"about":[{"href":"https:\/\/www.agriatv.hu\/index.php?rest_route=\/wp\/v2\/types\/post"}],"author":[{"embeddable":true,"href":"https:\/\/www.agriatv.hu\/index.php?rest_route=\/wp\/v2\/users\/4"}],"replies":[{"embeddable":true,"href":"https:\/\/www.agriatv.hu\/index.php?rest_route=%2Fwp%2Fv2%2Fcomments&post=20161"}],"version-history":[{"count":2,"href":"https:\/\/www.agriatv.hu\/index.php?rest_route=\/wp\/v2\/posts\/20161\/revisions"}],"predecessor-version":[{"id":20164,"href":"https:\/\/www.agriatv.hu\/index.php?rest_route=\/wp\/v2\/posts\/20161\/revisions\/20164"}],"wp:attachment":[{"href":"https:\/\/www.agriatv.hu\/index.php?rest_route=%2Fwp%2Fv2%2Fmedia&parent=20161"}],"wp:term":[{"taxonomy":"category","embeddable":true,"href":"https:\/\/www.agriatv.hu\/index.php?rest_route=%2Fwp%2Fv2%2Fcategories&post=20161"},{"taxonomy":"post_tag","embeddable":true,"href":"https:\/\/www.agriatv.hu\/index.php?rest_route=%2Fwp%2Fv2%2Ftags&post=20161"}],"curies":[{"name":"wp","href":"https:\/\/api.w.org\/{rel}","templated":true}]}}