{"id":20347,"date":"2019-04-24T21:26:08","date_gmt":"2019-04-24T21:26:08","guid":{"rendered":"http:\/\/www.agriatv.hu\/?p=20347"},"modified":"2019-04-24T21:26:56","modified_gmt":"2019-04-24T21:26:56","slug":"ujra-feher-szarvast-fotoztak","status":"publish","type":"post","link":"https:\/\/www.agriatv.hu\/?p=20347","title":{"rendered":"\u00dajra feh\u00e9r szarvast fot\u00f3ztak"},"content":{"rendered":"\n<div class=\"wp-block-image\"><figure class=\"alignleft is-resized\"><img loading=\"lazy\" decoding=\"async\" src=\"https:\/\/www.agriatv.hu\/wp-content\/uploads\/2019\/04\/653532.325x183.jpg\" alt=\"\" class=\"wp-image-20349\" width=\"155\" height=\"87\" srcset=\"https:\/\/www.agriatv.hu\/wp-content\/uploads\/2019\/04\/653532.325x183.jpg 325w, https:\/\/www.agriatv.hu\/wp-content\/uploads\/2019\/04\/653532.325x183-300x169.jpg 300w\" sizes=\"auto, (max-width: 155px) 100vw, 155px\" \/><\/figure><\/div>\n\n\n\n<p> Ism\u00e9t l\u00e1tt\u00e1k \u00e9s le is fot\u00f3zt\u00e1k a h\u00f3feh\u00e9r szarvast Szentk\u00faton. Az \u00e1llatot arrafel\u00e9 csak csodaszarvasnak h\u00edvj\u00e1k. Egy f\u00e9rfi a templomb\u00f3l tartott hazafel\u00e9, amikor az \u00faton pont el\u0151tte vonultak \u00e1t a szarvasok, k\u00f6zt\u00fck a nagyon ritka h\u00f3feh\u00e9r d\u00e1mszarvas is, amit m\u00e1r kor\u00e1bban t\u00f6bben is l\u00e1ttak Szentk\u00faton. A f\u00e9rfi csendben k\u00f6vette \u0151ket, \u00edgy siker\u00fclt lefot\u00f3znia a ritka \u00e1llatot. <\/p>\n\n\n\n<figure><iframe loading=\"lazy\" allowfullscreen=\"yes\" width=\"640\" height=\"360\" src=\"\/\/tenyek.hu\/neoplayer\/tv2\/embed\/290920_ujra-feher-szarvast-fotoztak.html\"><\/iframe><\/figure>\n","protected":false},"excerpt":{"rendered":"<p> Ism\u00e9t l\u00e1tt\u00e1k \u00e9s le is fot\u00f3zt\u00e1k a h\u00f3feh\u00e9r szarvast Szentk\u00faton. Az \u00e1llatot arrafel\u00e9 csak csodaszarvasnak h\u00edvj\u00e1k. Egy f\u00e9rfi a templomb\u00f3l tartott hazafel\u00e9, amikor az \u00faton pont el\u0151tte vonultak \u00e1t a szarvasok, k\u00f6zt\u00fck a nagyon ritka h\u00f3feh\u00e9r d\u00e1mszarvas is, amit m\u00e1r kor\u00e1bban t\u00f6bben is l\u00e1ttak Szentk\u00faton. A f\u00e9rfi csendben k\u00f6vette \u0151ket, \u00edgy siker\u00fclt lefot\u00f3znia a [&#8230;]<\/p>\n","protected":false},"author":4,"featured_media":0,"comment_status":"open","ping_status":"closed","sticky":false,"template":"","format":"standard","meta":{"footnotes":""},"categories":[6,4],"tags":[272,2045,3260],"class_list":["post-20347","post","type-post","status-publish","format-standard","hentry","category-belfold","category-szabadido","tag-foto","tag-szarvas","tag-szentkut"],"_links":{"self":[{"href":"https:\/\/www.agriatv.hu\/index.php?rest_route=\/wp\/v2\/posts\/20347","targetHints":{"allow":["GET"]}}],"collection":[{"href":"https:\/\/www.agriatv.hu\/index.php?rest_route=\/wp\/v2\/posts"}],"about":[{"href":"https:\/\/www.agriatv.hu\/index.php?rest_route=\/wp\/v2\/types\/post"}],"author":[{"embeddable":true,"href":"https:\/\/www.agriatv.hu\/index.php?rest_route=\/wp\/v2\/users\/4"}],"replies":[{"embeddable":true,"href":"https:\/\/www.agriatv.hu\/index.php?rest_route=%2Fwp%2Fv2%2Fcomments&post=20347"}],"version-history":[{"count":2,"href":"https:\/\/www.agriatv.hu\/index.php?rest_route=\/wp\/v2\/posts\/20347\/revisions"}],"predecessor-version":[{"id":20351,"href":"https:\/\/www.agriatv.hu\/index.php?rest_route=\/wp\/v2\/posts\/20347\/revisions\/20351"}],"wp:attachment":[{"href":"https:\/\/www.agriatv.hu\/index.php?rest_route=%2Fwp%2Fv2%2Fmedia&parent=20347"}],"wp:term":[{"taxonomy":"category","embeddable":true,"href":"https:\/\/www.agriatv.hu\/index.php?rest_route=%2Fwp%2Fv2%2Fcategories&post=20347"},{"taxonomy":"post_tag","embeddable":true,"href":"https:\/\/www.agriatv.hu\/index.php?rest_route=%2Fwp%2Fv2%2Ftags&post=20347"}],"curies":[{"name":"wp","href":"https:\/\/api.w.org\/{rel}","templated":true}]}}