{"id":20393,"date":"2019-04-28T17:40:49","date_gmt":"2019-04-28T17:40:49","guid":{"rendered":"http:\/\/www.agriatv.hu\/?p=20393"},"modified":"2019-04-28T17:40:50","modified_gmt":"2019-04-28T17:40:50","slug":"eskuvore-indultak-buszba-csapodtak","status":"publish","type":"post","link":"https:\/\/www.agriatv.hu\/?p=20393","title":{"rendered":"Esk\u00fcv\u0151re indultak, buszba csap\u00f3dtak"},"content":{"rendered":"\n<div class=\"wp-block-image\"><figure class=\"alignleft is-resized\"><img loading=\"lazy\" decoding=\"async\" src=\"https:\/\/www.agriatv.hu\/wp-content\/uploads\/2019\/04\/653963.325x183.jpg\" alt=\"\" class=\"wp-image-20394\" width=\"169\" height=\"95\" srcset=\"https:\/\/www.agriatv.hu\/wp-content\/uploads\/2019\/04\/653963.325x183.jpg 325w, https:\/\/www.agriatv.hu\/wp-content\/uploads\/2019\/04\/653963.325x183-300x169.jpg 300w\" sizes=\"auto, (max-width: 169px) 100vw, 169px\" \/><\/figure><\/div>\n\n\n\n<p> Esk\u00fcv\u0151re \u00e9s rokonl\u00e1togat\u00f3ba indult az a p\u00e1r, akik p\u00e9nteken meghaltak, amikor aut\u00f3jukkal egy \u00e1ll\u00f3 busznak rohantak az M3-as aut\u00f3p\u00e1lya egyik pihen\u0151j\u00e9ben. Az aut\u00f3ban utazott a 4 \u00e9ves kisfiuk is, \u0151 m\u00e9g mindig k\u00f3rh\u00e1zban van. Az aut\u00f3t a f\u00e9rfi vezette aki kor\u00e1bban hivat\u00e1sos sof\u0151rk\u00e9nt dolgozott, a feles\u00e9ge dadus volt a ny\u00edrcs\u00e1sz\u00e1ri \u00f3vod\u00e1ban. A p\u00e1rnak h\u00e1rom gyereke marat \u00e1rv\u00e1n. \u00c9rthetetlen, hogy az apa mi\u00e9rt rohant a parkol\u00f3ban \u00e1ll\u00f3 busznak, f\u00e9kez\u00e9s n\u00e9lk\u00fcl. <\/p>\n\n\n\n<figure><iframe loading=\"lazy\" allowfullscreen=\"yes\" width=\"640\" height=\"360\" src=\"\/\/tenyek.hu\/neoplayer\/tv2\/embed\/291175_eskuvore-indultak-buszba-csapodtak.html\"><\/iframe><\/figure>\n","protected":false},"excerpt":{"rendered":"<p> Esk\u00fcv\u0151re \u00e9s rokonl\u00e1togat\u00f3ba indult az a p\u00e1r, akik p\u00e9nteken meghaltak, amikor aut\u00f3jukkal egy \u00e1ll\u00f3 busznak rohantak az M3-as aut\u00f3p\u00e1lya egyik pihen\u0151j\u00e9ben. Az aut\u00f3ban utazott a 4 \u00e9ves kisfiuk is, \u0151 m\u00e9g mindig k\u00f3rh\u00e1zban van. Az aut\u00f3t a f\u00e9rfi vezette aki kor\u00e1bban hivat\u00e1sos sof\u0151rk\u00e9nt dolgozott, a feles\u00e9ge dadus volt a ny\u00edrcs\u00e1sz\u00e1ri \u00f3vod\u00e1ban. A p\u00e1rnak h\u00e1rom [&#8230;]<\/p>\n","protected":false},"author":4,"featured_media":0,"comment_status":"open","ping_status":"closed","sticky":false,"template":"","format":"standard","meta":{"footnotes":""},"categories":[5],"tags":[968],"class_list":["post-20393","post","type-post","status-publish","format-standard","hentry","category-kek-hirek","tag-busz"],"_links":{"self":[{"href":"https:\/\/www.agriatv.hu\/index.php?rest_route=\/wp\/v2\/posts\/20393","targetHints":{"allow":["GET"]}}],"collection":[{"href":"https:\/\/www.agriatv.hu\/index.php?rest_route=\/wp\/v2\/posts"}],"about":[{"href":"https:\/\/www.agriatv.hu\/index.php?rest_route=\/wp\/v2\/types\/post"}],"author":[{"embeddable":true,"href":"https:\/\/www.agriatv.hu\/index.php?rest_route=\/wp\/v2\/users\/4"}],"replies":[{"embeddable":true,"href":"https:\/\/www.agriatv.hu\/index.php?rest_route=%2Fwp%2Fv2%2Fcomments&post=20393"}],"version-history":[{"count":1,"href":"https:\/\/www.agriatv.hu\/index.php?rest_route=\/wp\/v2\/posts\/20393\/revisions"}],"predecessor-version":[{"id":20395,"href":"https:\/\/www.agriatv.hu\/index.php?rest_route=\/wp\/v2\/posts\/20393\/revisions\/20395"}],"wp:attachment":[{"href":"https:\/\/www.agriatv.hu\/index.php?rest_route=%2Fwp%2Fv2%2Fmedia&parent=20393"}],"wp:term":[{"taxonomy":"category","embeddable":true,"href":"https:\/\/www.agriatv.hu\/index.php?rest_route=%2Fwp%2Fv2%2Fcategories&post=20393"},{"taxonomy":"post_tag","embeddable":true,"href":"https:\/\/www.agriatv.hu\/index.php?rest_route=%2Fwp%2Fv2%2Ftags&post=20393"}],"curies":[{"name":"wp","href":"https:\/\/api.w.org\/{rel}","templated":true}]}}