{"id":20407,"date":"2019-04-30T18:49:27","date_gmt":"2019-04-30T18:49:27","guid":{"rendered":"http:\/\/www.agriatv.hu\/?p=20407"},"modified":"2019-04-30T18:49:32","modified_gmt":"2019-04-30T18:49:32","slug":"halott-ferjet-olelte-a-baleset-utan","status":"publish","type":"post","link":"https:\/\/www.agriatv.hu\/?p=20407","title":{"rendered":"Halott f\u00e9rj\u00e9t \u00f6lelte a baleset ut\u00e1n"},"content":{"rendered":"\n<div class=\"wp-block-image\"><figure class=\"alignleft is-resized\"><img loading=\"lazy\" decoding=\"async\" src=\"https:\/\/www.agriatv.hu\/wp-content\/uploads\/2019\/04\/654319.325x183.jpg\" alt=\"\" class=\"wp-image-20408\" width=\"173\" height=\"97\" srcset=\"https:\/\/www.agriatv.hu\/wp-content\/uploads\/2019\/04\/654319.325x183.jpg 325w, https:\/\/www.agriatv.hu\/wp-content\/uploads\/2019\/04\/654319.325x183-300x169.jpg 300w\" sizes=\"auto, (max-width: 173px) 100vw, 173px\" \/><\/figure><\/div>\n\n\n\n<p> Pit\u00e1\u00e9rt sietett egy k\u00f6zeli bev\u00e1s\u00e1rl\u00f3k\u00f6zpontba az a f\u00e9rfi, aki h\u00e9tf\u0151n lesodr\u00f3dott az \u00fatr\u00f3l \u00e9s olyan er\u0151vel csap\u00f3dott egy villanyoszlopnak, hogy az kett\u00e9t\u00f6rt Selypen. A f\u00e9rfi a helysz\u00ednen meghalt. A n\u00e9gygyermekes csal\u00e1dapa n\u00e9gy napja nyitott \u00e9ttermet Pet\u0151fib\u00e1ny\u00e1n, \u00e9vekig sp\u00f3rolt az \u00faj \u00e9letre, ami pillanatok alatt semmiv\u00e9 lett. Err\u0151l az \u00e1ldozat feles\u00e9ge besz\u00e9lt sokkos \u00e1llapotban a T\u00e9nyeknek. Megr\u00e1z\u00f3 riport k\u00f6vetkezik. <\/p>\n\n\n\n<figure><iframe loading=\"lazy\" allowfullscreen=\"yes\" width=\"640\" height=\"360\" src=\"\/\/tenyek.hu\/neoplayer\/tv2\/embed\/291364_halott-ferjet-olelte-a-baleset-utan.html\"><\/iframe><\/figure>\n","protected":false},"excerpt":{"rendered":"<p> Pit\u00e1\u00e9rt sietett egy k\u00f6zeli bev\u00e1s\u00e1rl\u00f3k\u00f6zpontba az a f\u00e9rfi, aki h\u00e9tf\u0151n lesodr\u00f3dott az \u00fatr\u00f3l \u00e9s olyan er\u0151vel csap\u00f3dott egy villanyoszlopnak, hogy az kett\u00e9t\u00f6rt Selypen. A f\u00e9rfi a helysz\u00ednen meghalt. A n\u00e9gygyermekes csal\u00e1dapa n\u00e9gy napja nyitott \u00e9ttermet Pet\u0151fib\u00e1ny\u00e1n, \u00e9vekig sp\u00f3rolt az \u00faj \u00e9letre, ami pillanatok alatt semmiv\u00e9 lett. Err\u0151l az \u00e1ldozat feles\u00e9ge besz\u00e9lt sokkos \u00e1llapotban a [&#8230;]<\/p>\n","protected":false},"author":4,"featured_media":0,"comment_status":"open","ping_status":"closed","sticky":false,"template":"","format":"standard","meta":{"footnotes":""},"categories":[5],"tags":[2541,41,1470],"class_list":["post-20407","post","type-post","status-publish","format-standard","hentry","category-kek-hirek","tag-apa","tag-baleset","tag-oszlop"],"_links":{"self":[{"href":"https:\/\/www.agriatv.hu\/index.php?rest_route=\/wp\/v2\/posts\/20407","targetHints":{"allow":["GET"]}}],"collection":[{"href":"https:\/\/www.agriatv.hu\/index.php?rest_route=\/wp\/v2\/posts"}],"about":[{"href":"https:\/\/www.agriatv.hu\/index.php?rest_route=\/wp\/v2\/types\/post"}],"author":[{"embeddable":true,"href":"https:\/\/www.agriatv.hu\/index.php?rest_route=\/wp\/v2\/users\/4"}],"replies":[{"embeddable":true,"href":"https:\/\/www.agriatv.hu\/index.php?rest_route=%2Fwp%2Fv2%2Fcomments&post=20407"}],"version-history":[{"count":2,"href":"https:\/\/www.agriatv.hu\/index.php?rest_route=\/wp\/v2\/posts\/20407\/revisions"}],"predecessor-version":[{"id":20410,"href":"https:\/\/www.agriatv.hu\/index.php?rest_route=\/wp\/v2\/posts\/20407\/revisions\/20410"}],"wp:attachment":[{"href":"https:\/\/www.agriatv.hu\/index.php?rest_route=%2Fwp%2Fv2%2Fmedia&parent=20407"}],"wp:term":[{"taxonomy":"category","embeddable":true,"href":"https:\/\/www.agriatv.hu\/index.php?rest_route=%2Fwp%2Fv2%2Fcategories&post=20407"},{"taxonomy":"post_tag","embeddable":true,"href":"https:\/\/www.agriatv.hu\/index.php?rest_route=%2Fwp%2Fv2%2Ftags&post=20407"}],"curies":[{"name":"wp","href":"https:\/\/api.w.org\/{rel}","templated":true}]}}