{"id":20425,"date":"2019-05-04T17:49:05","date_gmt":"2019-05-04T17:49:05","guid":{"rendered":"http:\/\/www.agriatv.hu\/?p=20425"},"modified":"2019-05-04T17:49:09","modified_gmt":"2019-05-04T17:49:09","slug":"tele-volt-utasokkal-a-kiegett-busz","status":"publish","type":"post","link":"https:\/\/www.agriatv.hu\/?p=20425","title":{"rendered":"Tele volt utasokkal a ki\u00e9gett busz"},"content":{"rendered":"\n<div class=\"wp-block-image\"><figure class=\"alignleft is-resized\"><img loading=\"lazy\" decoding=\"async\" src=\"https:\/\/www.agriatv.hu\/wp-content\/uploads\/2019\/05\/654770.325x183.jpg\" alt=\"\" class=\"wp-image-20426\" width=\"169\" height=\"95\" srcset=\"https:\/\/www.agriatv.hu\/wp-content\/uploads\/2019\/05\/654770.325x183.jpg 325w, https:\/\/www.agriatv.hu\/wp-content\/uploads\/2019\/05\/654770.325x183-300x169.jpg 300w\" sizes=\"auto, (max-width: 169px) 100vw, 169px\" \/><\/figure><\/div>\n\n\n\n<p> Az utasok sz\u00f3ltak a sof\u0151rnek, hogy f\u00fcstszagot \u00e9reznek, percekkel k\u00e9s\u0151bb m\u00e1r l\u00e1ngolt a turistabusz motorja az M3-as aut\u00f3p\u00e1ly\u00e1n. A sof\u0151rnek m\u00e9g volt annyi ideje, hogy f\u00e9lre\u00e1llt \u00e9s lemenek\u00edtette a lengyel turist\u00e1kat, egyik\u00fck felvette, ahogy a busz \u00f3ri\u00e1si l\u00e1ngokkal \u00e9g. A t\u0171zolt\u00f3k \u00f3r\u00e1kig oltott\u00e1k, a szerencs\u00e9tlen\u00fcl j\u00e1rt utasok\u00e9rt egy sz\u00e1lloda k\u00fcld\u00f6tt m\u00e1sik buszt. <\/p>\n\n\n\n<figure><iframe loading=\"lazy\" allowfullscreen=\"yes\" width=\"640\" height=\"360\" src=\"\/\/tenyek.hu\/neoplayer\/tv2\/embed\/291647_tele-volt-utasokkal-a-kiegett-busz.html\"><\/iframe><\/figure>\n\n\n\n<figure class=\"wp-block-embed is-type-rich is-provider-rtl-hu\"><div class=\"wp-block-embed__wrapper\">\n<blockquote class=\"embedly-card\" data-card-controls=\"1\" data-card-align=\"center\" data-card-theme=\"light\" data-card-key=\"bbb82e0305934450ba516e363ef455a7\"><h4><a href=\"http:\/\/rtl.hu\/rtlklub\/hirek\/teljesen-kiegett-egy-lengyel-busz-az-m3-ason\">RTL.hu<\/a><\/h4><p>No Description<\/p><\/blockquote><script async src=\"\/\/cdn.embedly.com\/widgets\/platform.js\" charset=\"UTF-8\"><\/script>\n<\/div><\/figure>\n","protected":false},"excerpt":{"rendered":"<p> Az utasok sz\u00f3ltak a sof\u0151rnek, hogy f\u00fcstszagot \u00e9reznek, percekkel k\u00e9s\u0151bb m\u00e1r l\u00e1ngolt a turistabusz motorja az M3-as aut\u00f3p\u00e1ly\u00e1n. A sof\u0151rnek m\u00e9g volt annyi ideje, hogy f\u00e9lre\u00e1llt \u00e9s lemenek\u00edtette a lengyel turist\u00e1kat, egyik\u00fck felvette, ahogy a busz \u00f3ri\u00e1si l\u00e1ngokkal \u00e9g. A t\u0171zolt\u00f3k \u00f3r\u00e1kig oltott\u00e1k, a szerencs\u00e9tlen\u00fcl j\u00e1rt utasok\u00e9rt egy sz\u00e1lloda k\u00fcld\u00f6tt m\u00e1sik buszt. <\/p>\n<p>RTL.huNo Description<\/p>\n","protected":false},"author":4,"featured_media":0,"comment_status":"open","ping_status":"closed","sticky":false,"template":"","format":"standard","meta":{"footnotes":""},"categories":[5],"tags":[968,3302,844,484,161,628],"class_list":["post-20425","post","type-post","status-publish","format-standard","hentry","category-kek-hirek","tag-busz","tag-lengyel","tag-m3","tag-tuz","tag-tuzolto","tag-utas"],"_links":{"self":[{"href":"https:\/\/www.agriatv.hu\/index.php?rest_route=\/wp\/v2\/posts\/20425","targetHints":{"allow":["GET"]}}],"collection":[{"href":"https:\/\/www.agriatv.hu\/index.php?rest_route=\/wp\/v2\/posts"}],"about":[{"href":"https:\/\/www.agriatv.hu\/index.php?rest_route=\/wp\/v2\/types\/post"}],"author":[{"embeddable":true,"href":"https:\/\/www.agriatv.hu\/index.php?rest_route=\/wp\/v2\/users\/4"}],"replies":[{"embeddable":true,"href":"https:\/\/www.agriatv.hu\/index.php?rest_route=%2Fwp%2Fv2%2Fcomments&post=20425"}],"version-history":[{"count":1,"href":"https:\/\/www.agriatv.hu\/index.php?rest_route=\/wp\/v2\/posts\/20425\/revisions"}],"predecessor-version":[{"id":20430,"href":"https:\/\/www.agriatv.hu\/index.php?rest_route=\/wp\/v2\/posts\/20425\/revisions\/20430"}],"wp:attachment":[{"href":"https:\/\/www.agriatv.hu\/index.php?rest_route=%2Fwp%2Fv2%2Fmedia&parent=20425"}],"wp:term":[{"taxonomy":"category","embeddable":true,"href":"https:\/\/www.agriatv.hu\/index.php?rest_route=%2Fwp%2Fv2%2Fcategories&post=20425"},{"taxonomy":"post_tag","embeddable":true,"href":"https:\/\/www.agriatv.hu\/index.php?rest_route=%2Fwp%2Fv2%2Ftags&post=20425"}],"curies":[{"name":"wp","href":"https:\/\/api.w.org\/{rel}","templated":true}]}}