{"id":20463,"date":"2019-05-12T15:08:23","date_gmt":"2019-05-12T15:08:23","guid":{"rendered":"http:\/\/www.agriatv.hu\/?p=20463"},"modified":"2019-05-14T15:11:03","modified_gmt":"2019-05-14T15:11:03","slug":"motoros-utkozott-a-matraban","status":"publish","type":"post","link":"https:\/\/www.agriatv.hu\/?p=20463","title":{"rendered":"Motoros \u00fctk\u00f6z\u00f6tt a M\u00e1tr\u00e1ban &#8211; vide\u00f3"},"content":{"rendered":"\n<div class=\"wp-block-image\"><figure class=\"alignleft is-resized\"><img loading=\"lazy\" decoding=\"async\" src=\"https:\/\/www.agriatv.hu\/wp-content\/uploads\/2019\/05\/f-2-1024x576.jpg\" alt=\"\" class=\"wp-image-20465\" width=\"180\" height=\"101\" srcset=\"https:\/\/www.agriatv.hu\/wp-content\/uploads\/2019\/05\/f-2-1024x576.jpg 1024w, https:\/\/www.agriatv.hu\/wp-content\/uploads\/2019\/05\/f-2-300x169.jpg 300w, https:\/\/www.agriatv.hu\/wp-content\/uploads\/2019\/05\/f-2-768x432.jpg 768w, https:\/\/www.agriatv.hu\/wp-content\/uploads\/2019\/05\/f-2.jpg 1920w\" sizes=\"auto, (max-width: 180px) 100vw, 180px\" \/><\/figure><\/div>\n\n\n\n<p>Baleset t\u00f6rt\u00e9nt vas\u00e1rnap d\u00e9lut\u00e1n a 24-es f\u0151\u00faton Par\u00e1dn\u00e1l. A helysz\u00ednen egy f\u00e9rfi motorker\u00e9kp\u00e1rj\u00e1val aut\u00f3nak \u00fctk\u00f6z\u00f6tt. Inform\u00e1ci\u00f3ink szerint a motoros orvosi ell\u00e1t\u00e1st ig\u00e9nyl\u0151 s\u00e9r\u00fcl\u00e9seket szenvedett, \u0151t k\u00f3rh\u00e1zba sz\u00e1ll\u00edtott\u00e1k.<\/p>\n\n\n\n<p>Inform\u00e1ci\u00f3nk szerint Par\u00e1dsasv\u00e1r ir\u00e1ny\u00e1b\u00f3l Par\u00e1d fel\u00e9 k\u00f6zlekedett egy szem\u00e9lyaut\u00f3, amelyik egy bal oldali parkol\u00f3ba k\u00edv\u00e1nt szab\u00e1lyosan bekanyarodni. A m\u00f6g\u00f6tte \u00e9rkez\u0151 kocsi lass\u00edtott a forgalmi ok miatt. \u00dagy  tudjuk, az els\u0151 k\u00e9t motor megel\u0151zte a Suzukit, majd jobbr\u00f3l kiker\u00fclte az \u00e1ll\u00f3 furgont, azonban a harmadikk\u00e9nt \u00e9rkez\u0151 k\u00e9s\u0151n vette \u00e9szre. A hirtelen f\u00e9kez\u00e9s k\u00f6vetkezt\u00e9ben a motor megd\u0151lt, valamint az el\u0151tte l\u00e9v\u0151 kocsinak csap\u00f3dott. Az becsap\u00f3d\u00e1s k\u00f6vetkezt\u00e9ben, a m\u00e9g mindig cs\u00fasz\u00f3 motor \u00e9s vezet\u0151je egy szemb\u0151l \u00e9rkez\u0151 kocsival is \u00fctk\u00f6z\u00f6tt.<\/p>\n\n\n\n<p>  A motoros f\u00e9rfi az eset k\u00f6vetkezt\u00e9ben k\u00f6nnyebb s\u00e9r\u00fcl\u00e9seket szenvedett. <\/p>\n\n\n\n<figure class=\"wp-block-embed-youtube wp-block-embed is-type-rich is-provider-youtube\"><div class=\"wp-block-embed__wrapper\">\n<blockquote class=\"embedly-card\" data-card-controls=\"1\" data-card-align=\"center\" data-card-theme=\"light\" data-card-key=\"bbb82e0305934450ba516e363ef455a7\"><h4><a href=\"https:\/\/youtu.be\/dnOTATHJ3oU\">190512motoros parad y<\/a><\/h4><p>Uploaded by Agria Tv Bt on 2019-05-12.<\/p><\/blockquote><script async src=\"\/\/cdn.embedly.com\/widgets\/platform.js\" charset=\"UTF-8\"><\/script>\n<\/div><\/figure>\n","protected":false},"excerpt":{"rendered":"<p>Baleset t\u00f6rt\u00e9nt vas\u00e1rnap d\u00e9lut\u00e1n a 24-es f\u0151\u00faton Par\u00e1dn\u00e1l. A helysz\u00ednen egy f\u00e9rfi motorker\u00e9kp\u00e1rj\u00e1val aut\u00f3nak \u00fctk\u00f6z\u00f6tt. Inform\u00e1ci\u00f3ink szerint a motoros orvosi ell\u00e1t\u00e1st ig\u00e9nyl\u0151 s\u00e9r\u00fcl\u00e9seket szenvedett, \u0151t k\u00f3rh\u00e1zba sz\u00e1ll\u00edtott\u00e1k.<\/p>\n<p>Inform\u00e1ci\u00f3nk szerint Par\u00e1dsasv\u00e1r ir\u00e1ny\u00e1b\u00f3l Par\u00e1d fel\u00e9 k\u00f6zlekedett egy szem\u00e9lyaut\u00f3, amelyik egy bal oldali parkol\u00f3ba k\u00edv\u00e1nt szab\u00e1lyosan bekanyarodni. A m\u00f6g\u00f6tte \u00e9rkez\u0151 kocsi lass\u00edtott a forgalmi ok miatt. \u00dagy  tudjuk, [&#8230;]<\/p>\n","protected":false},"author":4,"featured_media":0,"comment_status":"open","ping_status":"closed","sticky":false,"template":"","format":"standard","meta":{"footnotes":""},"categories":[5],"tags":[38,39,1968],"class_list":["post-20463","post","type-post","status-publish","format-standard","hentry","category-kek-hirek","tag-matra","tag-motoros","tag-paradsasvar"],"_links":{"self":[{"href":"https:\/\/www.agriatv.hu\/index.php?rest_route=\/wp\/v2\/posts\/20463","targetHints":{"allow":["GET"]}}],"collection":[{"href":"https:\/\/www.agriatv.hu\/index.php?rest_route=\/wp\/v2\/posts"}],"about":[{"href":"https:\/\/www.agriatv.hu\/index.php?rest_route=\/wp\/v2\/types\/post"}],"author":[{"embeddable":true,"href":"https:\/\/www.agriatv.hu\/index.php?rest_route=\/wp\/v2\/users\/4"}],"replies":[{"embeddable":true,"href":"https:\/\/www.agriatv.hu\/index.php?rest_route=%2Fwp%2Fv2%2Fcomments&post=20463"}],"version-history":[{"count":3,"href":"https:\/\/www.agriatv.hu\/index.php?rest_route=\/wp\/v2\/posts\/20463\/revisions"}],"predecessor-version":[{"id":20481,"href":"https:\/\/www.agriatv.hu\/index.php?rest_route=\/wp\/v2\/posts\/20463\/revisions\/20481"}],"wp:attachment":[{"href":"https:\/\/www.agriatv.hu\/index.php?rest_route=%2Fwp%2Fv2%2Fmedia&parent=20463"}],"wp:term":[{"taxonomy":"category","embeddable":true,"href":"https:\/\/www.agriatv.hu\/index.php?rest_route=%2Fwp%2Fv2%2Fcategories&post=20463"},{"taxonomy":"post_tag","embeddable":true,"href":"https:\/\/www.agriatv.hu\/index.php?rest_route=%2Fwp%2Fv2%2Ftags&post=20463"}],"curies":[{"name":"wp","href":"https:\/\/api.w.org\/{rel}","templated":true}]}}