{"id":20534,"date":"2019-05-29T19:00:56","date_gmt":"2019-05-29T19:00:56","guid":{"rendered":"http:\/\/www.agriatv.hu\/?p=20534"},"modified":"2019-05-29T19:04:02","modified_gmt":"2019-05-29T19:04:02","slug":"nehezen-jarhato-utak-a-vihar-miatt","status":"publish","type":"post","link":"https:\/\/www.agriatv.hu\/?p=20534","title":{"rendered":"Nehezen j\u00e1rhat\u00f3 utak a vihar miatt"},"content":{"rendered":"\n<div class=\"wp-block-image\"><figure class=\"alignleft is-resized\"><img loading=\"lazy\" decoding=\"async\" src=\"https:\/\/www.agriatv.hu\/wp-content\/uploads\/2019\/05\/f-5-1024x576.jpg\" alt=\"\" class=\"wp-image-20535\" width=\"280\" height=\"157\" srcset=\"https:\/\/www.agriatv.hu\/wp-content\/uploads\/2019\/05\/f-5-1024x576.jpg 1024w, https:\/\/www.agriatv.hu\/wp-content\/uploads\/2019\/05\/f-5-300x169.jpg 300w, https:\/\/www.agriatv.hu\/wp-content\/uploads\/2019\/05\/f-5-768x432.jpg 768w, https:\/\/www.agriatv.hu\/wp-content\/uploads\/2019\/05\/f-5.jpg 1920w\" sizes=\"auto, (max-width: 280px) 100vw, 280px\" \/><\/figure><\/div>\n\n\n\n<p>A szerdai vihar miatt nehezen volt j\u00e1rhat\u00f3 az Egerbakta \u00e9s B\u00fckksz\u00e9k k\u00f6z\u00f6tti \u00fat egy r\u00e9sze.<\/p>\n\n\n\n<p>A hirtelen lez\u00fadul\u00f3, nagy mennyis\u00e9g\u0171 es\u0151 sok helyen el\u00e1rasztotta az utat. A kisebb aut\u00f3k csak l\u00e9p\u00e9sben tudtak \u00e1thajtani az \u00faton h\u00f6mp\u00f6lyg\u0151 \u00e1rad\u00e1son. T\u00f6bb helyen k\u00f6veket, \u00e1gakat sodort le a dombr\u00f3l a v\u00edz, a B\u00e1tori el\u00e1gaz\u00f3 k\u00f6zel\u00e9ben nagy mennyis\u00e9g\u0171 sarat kellett a a j\u00e1rm\u0171vezet\u0151knek ker\u00fclgetni.<\/p>\n\n\n\n<figure class=\"wp-block-embed-youtube wp-block-embed is-type-rich is-provider-youtube\"><div class=\"wp-block-embed__wrapper\">\n<blockquote class=\"embedly-card\" data-card-controls=\"1\" data-card-align=\"center\" data-card-theme=\"light\" data-card-key=\"bbb82e0305934450ba516e363ef455a7\"><h4><a href=\"https:\/\/youtu.be\/kZB8NGma1_U\">190529vihar egerbakta y<\/a><\/h4><p>Uploaded by Agria Tv Bt on 2019-05-29.<\/p><\/blockquote><script async src=\"\/\/cdn.embedly.com\/widgets\/platform.js\" charset=\"UTF-8\"><\/script>\n<\/div><\/figure>\n","protected":false},"excerpt":{"rendered":"<p>A szerdai vihar miatt nehezen volt j\u00e1rhat\u00f3 az Egerbakta \u00e9s B\u00fckksz\u00e9k k\u00f6z\u00f6tti \u00fat egy r\u00e9sze.<\/p>\n<p>A hirtelen lez\u00fadul\u00f3, nagy mennyis\u00e9g\u0171 es\u0151 sok helyen el\u00e1rasztotta az utat. A kisebb aut\u00f3k csak l\u00e9p\u00e9sben tudtak \u00e1thajtani az \u00faton h\u00f6mp\u00f6lyg\u0151 \u00e1rad\u00e1son. T\u00f6bb helyen k\u00f6veket, \u00e1gakat sodort le a dombr\u00f3l a v\u00edz, a B\u00e1tori el\u00e1gaz\u00f3 k\u00f6zel\u00e9ben nagy mennyis\u00e9g\u0171 sarat kellett a [&#8230;]<\/p>\n","protected":false},"author":4,"featured_media":0,"comment_status":"open","ping_status":"closed","sticky":false,"template":"","format":"standard","meta":{"footnotes":""},"categories":[6],"tags":[187,195],"class_list":["post-20534","post","type-post","status-publish","format-standard","hentry","category-belfold","tag-sar","tag-vihar"],"_links":{"self":[{"href":"https:\/\/www.agriatv.hu\/index.php?rest_route=\/wp\/v2\/posts\/20534","targetHints":{"allow":["GET"]}}],"collection":[{"href":"https:\/\/www.agriatv.hu\/index.php?rest_route=\/wp\/v2\/posts"}],"about":[{"href":"https:\/\/www.agriatv.hu\/index.php?rest_route=\/wp\/v2\/types\/post"}],"author":[{"embeddable":true,"href":"https:\/\/www.agriatv.hu\/index.php?rest_route=\/wp\/v2\/users\/4"}],"replies":[{"embeddable":true,"href":"https:\/\/www.agriatv.hu\/index.php?rest_route=%2Fwp%2Fv2%2Fcomments&post=20534"}],"version-history":[{"count":3,"href":"https:\/\/www.agriatv.hu\/index.php?rest_route=\/wp\/v2\/posts\/20534\/revisions"}],"predecessor-version":[{"id":20539,"href":"https:\/\/www.agriatv.hu\/index.php?rest_route=\/wp\/v2\/posts\/20534\/revisions\/20539"}],"wp:attachment":[{"href":"https:\/\/www.agriatv.hu\/index.php?rest_route=%2Fwp%2Fv2%2Fmedia&parent=20534"}],"wp:term":[{"taxonomy":"category","embeddable":true,"href":"https:\/\/www.agriatv.hu\/index.php?rest_route=%2Fwp%2Fv2%2Fcategories&post=20534"},{"taxonomy":"post_tag","embeddable":true,"href":"https:\/\/www.agriatv.hu\/index.php?rest_route=%2Fwp%2Fv2%2Ftags&post=20534"}],"curies":[{"name":"wp","href":"https:\/\/api.w.org\/{rel}","templated":true}]}}