{"id":20544,"date":"2019-06-02T17:16:36","date_gmt":"2019-06-02T17:16:36","guid":{"rendered":"http:\/\/www.agriatv.hu\/?p=20544"},"modified":"2019-06-03T17:16:13","modified_gmt":"2019-06-03T17:16:13","slug":"mehek-veszelyeztettek-a-strandolokat","status":"publish","type":"post","link":"https:\/\/www.agriatv.hu\/?p=20544","title":{"rendered":"M\u00e9hek vesz\u00e9lyeztett\u00e9k a strandol\u00f3kat"},"content":{"rendered":"\n<div class=\"wp-block-image\"><figure class=\"alignleft is-resized\"><img loading=\"lazy\" decoding=\"async\" src=\"https:\/\/www.agriatv.hu\/wp-content\/uploads\/2019\/06\/658375.325x183.jpg\" alt=\"\" class=\"wp-image-20545\" width=\"147\" height=\"83\" srcset=\"https:\/\/www.agriatv.hu\/wp-content\/uploads\/2019\/06\/658375.325x183.jpg 325w, https:\/\/www.agriatv.hu\/wp-content\/uploads\/2019\/06\/658375.325x183-300x169.jpg 300w\" sizes=\"auto, (max-width: 147px) 100vw, 147px\" \/><\/figure><\/div>\n\n\n\n<p> T\u00f6bb ezer m\u00e9h lepte el egy egri strand egyik plat\u00e1nf\u00e1j\u00e1t. A kast egy balatonbogl\u00e1ri oszt\u00e1ly vette \u00e9szre. A tan\u00e1rn\u0151 sz\u00f3lt a vesz\u00e9lyr\u0151l a f\u00fcrd\u0151 dolgoz\u00f3inak, nehogy valakit megcs\u00edpjenek a m\u00e9hek. A f\u00e1t k\u00f6rbeker\u00edtett\u00e9k \u00e9s a szakemberek elkezdt\u00e9k begy\u0171jteni a m\u00e9heket, karant\u00e9nba ker\u00fclnek, \u00e9s j\u00f6v\u0151re m\u00e1r m\u00e9zet fognak termelni. <\/p>\n\n\n\n<figure><iframe loading=\"lazy\" allowfullscreen=\"yes\" width=\"640\" height=\"360\" src=\"\/\/tenyek.hu\/neoplayer\/tv2\/embed\/293767_mehek-veszelyeztettek-a-strandolokat.html\"><\/iframe><\/figure>\n\n\n\n<figure class=\"wp-block-embed is-type-rich is-provider-atv-hu\"><div class=\"wp-block-embed__wrapper\">\n<blockquote class=\"embedly-card\" data-card-controls=\"1\" data-card-align=\"center\" data-card-theme=\"light\" data-card-key=\"bbb82e0305934450ba516e363ef455a7\"><h4><a href=\"http:\/\/www.atv.hu\/belfold\/20190602-darazsinvazio-a-strandon\">T\u00f6bb ezer dar\u00e1zs lepte el az egri strandot<\/a><\/h4><p>Az egri strandra kellett kimennie a helyi k\u00fcl\u00f6nleges ment\u0151csoport m\u00e9hbefog\u00f3j\u00e1nak, mivel egy raj megsz\u00e1llta egy ott \u00e1ll\u00f3 fa \u00e1g\u00e1t. T\u00f6bb ezer, feltehet\u0151en megzavarodott rovar telepedett a levelek k\u00f6z\u00e9. Szerencs\u00e9re a f\u00fcrd\u0151z\u0151k k\u00f6z\u00fcl senkinek sem esett baja, pedig ha ilyenkor megbolygatj\u00e1k a m\u00e9heket, hamar agressz\u00edvv\u00e9 v\u00e1lhatnak.<\/p><\/blockquote><script async src=\"\/\/cdn.embedly.com\/widgets\/platform.js\" charset=\"UTF-8\"><\/script>\n<\/div><\/figure>\n","protected":false},"excerpt":{"rendered":"<p> T\u00f6bb ezer m\u00e9h lepte el egy egri strand egyik plat\u00e1nf\u00e1j\u00e1t. A kast egy balatonbogl\u00e1ri oszt\u00e1ly vette \u00e9szre. A tan\u00e1rn\u0151 sz\u00f3lt a vesz\u00e9lyr\u0151l a f\u00fcrd\u0151 dolgoz\u00f3inak, nehogy valakit megcs\u00edpjenek a m\u00e9hek. A f\u00e1t k\u00f6rbeker\u00edtett\u00e9k \u00e9s a szakemberek elkezdt\u00e9k begy\u0171jteni a m\u00e9heket, karant\u00e9nba ker\u00fclnek, \u00e9s j\u00f6v\u0151re m\u00e1r m\u00e9zet fognak termelni. <\/p>\n<p>T\u00f6bb ezer dar\u00e1zs lepte el az [&#8230;]<\/p>\n","protected":false},"author":4,"featured_media":0,"comment_status":"open","ping_status":"closed","sticky":false,"template":"","format":"standard","meta":{"footnotes":""},"categories":[6,4],"tags":[56,2024],"class_list":["post-20544","post","type-post","status-publish","format-standard","hentry","category-belfold","category-szabadido","tag-biztonsag","tag-meh"],"_links":{"self":[{"href":"https:\/\/www.agriatv.hu\/index.php?rest_route=\/wp\/v2\/posts\/20544","targetHints":{"allow":["GET"]}}],"collection":[{"href":"https:\/\/www.agriatv.hu\/index.php?rest_route=\/wp\/v2\/posts"}],"about":[{"href":"https:\/\/www.agriatv.hu\/index.php?rest_route=\/wp\/v2\/types\/post"}],"author":[{"embeddable":true,"href":"https:\/\/www.agriatv.hu\/index.php?rest_route=\/wp\/v2\/users\/4"}],"replies":[{"embeddable":true,"href":"https:\/\/www.agriatv.hu\/index.php?rest_route=%2Fwp%2Fv2%2Fcomments&post=20544"}],"version-history":[{"count":2,"href":"https:\/\/www.agriatv.hu\/index.php?rest_route=\/wp\/v2\/posts\/20544\/revisions"}],"predecessor-version":[{"id":20548,"href":"https:\/\/www.agriatv.hu\/index.php?rest_route=\/wp\/v2\/posts\/20544\/revisions\/20548"}],"wp:attachment":[{"href":"https:\/\/www.agriatv.hu\/index.php?rest_route=%2Fwp%2Fv2%2Fmedia&parent=20544"}],"wp:term":[{"taxonomy":"category","embeddable":true,"href":"https:\/\/www.agriatv.hu\/index.php?rest_route=%2Fwp%2Fv2%2Fcategories&post=20544"},{"taxonomy":"post_tag","embeddable":true,"href":"https:\/\/www.agriatv.hu\/index.php?rest_route=%2Fwp%2Fv2%2Ftags&post=20544"}],"curies":[{"name":"wp","href":"https:\/\/api.w.org\/{rel}","templated":true}]}}