{"id":20572,"date":"2019-06-11T19:54:40","date_gmt":"2019-06-11T19:54:40","guid":{"rendered":"http:\/\/www.agriatv.hu\/?p=20572"},"modified":"2019-06-11T19:54:44","modified_gmt":"2019-06-11T19:54:44","slug":"vonat-ele-zuhant-egy-hatalmas-fa","status":"publish","type":"post","link":"https:\/\/www.agriatv.hu\/?p=20572","title":{"rendered":"Vonat el\u00e9 zuhant egy hatalmas fa"},"content":{"rendered":"\n<div class=\"wp-block-image\"><figure class=\"alignleft\"><img loading=\"lazy\" decoding=\"async\" width=\"325\" height=\"183\" src=\"https:\/\/www.agriatv.hu\/wp-content\/uploads\/2019\/06\/659191.325x183.jpg\" alt=\"\" class=\"wp-image-20573\" srcset=\"https:\/\/www.agriatv.hu\/wp-content\/uploads\/2019\/06\/659191.325x183.jpg 325w, https:\/\/www.agriatv.hu\/wp-content\/uploads\/2019\/06\/659191.325x183-300x169.jpg 300w\" sizes=\"auto, (max-width: 325px) 100vw, 325px\" \/><\/figure><\/div>\n\n\n\n<p> Gyerekekkel teli vonat el\u00e9 zuhant egy fa Alm\u00e1r \u00e9s Szarvask\u0151 k\u00f6z\u00f6tt. A gyerekek kir\u00e1ndulni indultak Szilv\u00e1sv\u00e1radra. A vonat m\u00e1r nem tudott meg\u00e1llni, t\u00f6bb sz\u00e1z m\u00e9teren kereszt\u00fcl tolta maga el\u0151tt a f\u00e1t. De egy kisz\u00e1radt fa okozott gondot Egerben is. Ott parkol\u00f3 aut\u00f3kra zuhant. A kocsik tulajdonosa nyilatkozott a T\u00e9nyeknek, azt mondta, nagy szerencse, hogy \u00e9pp nem volt az aut\u00f3ban senki. <\/p>\n\n\n\n<figure><iframe loading=\"lazy\" allowfullscreen=\"yes\" width=\"640\" height=\"360\" src=\"\/\/tenyek.hu\/neoplayer\/tv2\/embed\/294306_vonat-ele-zuhant-egy-hatalmas-fa.html\"><\/iframe><\/figure>\n","protected":false},"excerpt":{"rendered":"<p> Gyerekekkel teli vonat el\u00e9 zuhant egy fa Alm\u00e1r \u00e9s Szarvask\u0151 k\u00f6z\u00f6tt. A gyerekek kir\u00e1ndulni indultak Szilv\u00e1sv\u00e1radra. A vonat m\u00e1r nem tudott meg\u00e1llni, t\u00f6bb sz\u00e1z m\u00e9teren kereszt\u00fcl tolta maga el\u0151tt a f\u00e1t. De egy kisz\u00e1radt fa okozott gondot Egerben is. Ott parkol\u00f3 aut\u00f3kra zuhant. A kocsik tulajdonosa nyilatkozott a T\u00e9nyeknek, azt mondta, nagy szerencse, hogy [&#8230;]<\/p>\n","protected":false},"author":4,"featured_media":0,"comment_status":"open","ping_status":"closed","sticky":false,"template":"","format":"standard","meta":{"footnotes":""},"categories":[6,5],"tags":[116,1037],"class_list":["post-20572","post","type-post","status-publish","format-standard","hentry","category-belfold","category-kek-hirek","tag-fa","tag-vonat"],"_links":{"self":[{"href":"https:\/\/www.agriatv.hu\/index.php?rest_route=\/wp\/v2\/posts\/20572","targetHints":{"allow":["GET"]}}],"collection":[{"href":"https:\/\/www.agriatv.hu\/index.php?rest_route=\/wp\/v2\/posts"}],"about":[{"href":"https:\/\/www.agriatv.hu\/index.php?rest_route=\/wp\/v2\/types\/post"}],"author":[{"embeddable":true,"href":"https:\/\/www.agriatv.hu\/index.php?rest_route=\/wp\/v2\/users\/4"}],"replies":[{"embeddable":true,"href":"https:\/\/www.agriatv.hu\/index.php?rest_route=%2Fwp%2Fv2%2Fcomments&post=20572"}],"version-history":[{"count":1,"href":"https:\/\/www.agriatv.hu\/index.php?rest_route=\/wp\/v2\/posts\/20572\/revisions"}],"predecessor-version":[{"id":20574,"href":"https:\/\/www.agriatv.hu\/index.php?rest_route=\/wp\/v2\/posts\/20572\/revisions\/20574"}],"wp:attachment":[{"href":"https:\/\/www.agriatv.hu\/index.php?rest_route=%2Fwp%2Fv2%2Fmedia&parent=20572"}],"wp:term":[{"taxonomy":"category","embeddable":true,"href":"https:\/\/www.agriatv.hu\/index.php?rest_route=%2Fwp%2Fv2%2Fcategories&post=20572"},{"taxonomy":"post_tag","embeddable":true,"href":"https:\/\/www.agriatv.hu\/index.php?rest_route=%2Fwp%2Fv2%2Ftags&post=20572"}],"curies":[{"name":"wp","href":"https:\/\/api.w.org\/{rel}","templated":true}]}}