{"id":20592,"date":"2019-06-18T19:21:12","date_gmt":"2019-06-18T19:21:12","guid":{"rendered":"http:\/\/www.agriatv.hu\/?p=20592"},"modified":"2019-06-18T19:21:58","modified_gmt":"2019-06-18T19:21:58","slug":"halalos-tuz-az-idosek-otthonaban","status":"publish","type":"post","link":"https:\/\/www.agriatv.hu\/?p=20592","title":{"rendered":"Hal\u00e1los t\u0171z az id\u0151sek otthon\u00e1ban"},"content":{"rendered":"\n<div class=\"wp-block-image\"><figure class=\"alignleft is-resized\"><img loading=\"lazy\" decoding=\"async\" src=\"https:\/\/www.agriatv.hu\/wp-content\/uploads\/2019\/06\/659770.325x183.jpg\" alt=\"\" class=\"wp-image-20593\" width=\"188\" height=\"106\" srcset=\"https:\/\/www.agriatv.hu\/wp-content\/uploads\/2019\/06\/659770.325x183.jpg 325w, https:\/\/www.agriatv.hu\/wp-content\/uploads\/2019\/06\/659770.325x183-300x169.jpg 300w\" sizes=\"auto, (max-width: 188px) 100vw, 188px\" \/><\/figure><\/div>\n\n\n\n<p> Egy ember meghalt, 11-et pedig k\u00f3rh\u00e1zba vittek a ment\u0151k, amikor t\u0171z csapott fel egy \u00f3zdi id\u0151sek otthon\u00e1ban. Az \u00e9p\u00fcletb\u0151l 135 embert kellett kik\u00f6lt\u00f6ztetni az olt\u00e1s idej\u00e9re. M\u00e9g vizsg\u00e1lj\u00e1k, hogy mi okozhatta a t\u00fczet. A halott val\u00f3sz\u00edn\u0171leg f\u00fcstm\u00e9rgez\u00e9st kapott. <\/p>\n\n\n\n<figure><iframe loading=\"lazy\" allowfullscreen=\"yes\" width=\"640\" height=\"360\" src=\"\/\/tenyek.hu\/neoplayer\/tv2\/embed\/294726_halalos-tuz-az-idosek-otthonaban.html\"><\/iframe><\/figure>\n\n\n\n<figure class=\"wp-block-embed is-type-rich is-provider-rtl-hu\"><div class=\"wp-block-embed__wrapper\">\n<blockquote class=\"embedly-card\" data-card-controls=\"1\" data-card-align=\"center\" data-card-theme=\"light\" data-card-key=\"bbb82e0305934450ba516e363ef455a7\"><h4><a href=\"http:\/\/rtl.hu\/rtlklub\/hirek\/tuz-idosotthon-ozd-halott-serultek\">RTL.hu<\/a><\/h4><p>No Description<\/p><\/blockquote><script async src=\"\/\/cdn.embedly.com\/widgets\/platform.js\" charset=\"UTF-8\"><\/script>\n<\/div><\/figure>\n\n\n\n<figure class=\"wp-block-embed is-type-rich is-provider-atv-hu\"><div class=\"wp-block-embed__wrapper\">\n<blockquote class=\"embedly-card\" data-card-controls=\"1\" data-card-align=\"center\" data-card-theme=\"light\" data-card-key=\"bbb82e0305934450ba516e363ef455a7\"><h4><a href=\"http:\/\/www.atv.hu\/videok\/video-20190618-kigyulladt-egy-ozdi-idosek-otthona\">ATV.hu<\/a><\/h4><p>Az ATV az els\u0151 mag\u00e1ntelev\u00edzi\u00f3 haz\u00e1nkban. A min\u0151s\u00e9gi, sz\u00ednvonalas, magas \u00e9rt\u00e9krend\u0171 m\u0171sorok k\u00e9sz\u00edt\u00e9s\u00e9t \u00e9s sug\u00e1rz\u00e1s\u00e1t c\u00e9lul kit\u0171z\u0151 kereskedelmi csatorna.<\/p><\/blockquote><script async src=\"\/\/cdn.embedly.com\/widgets\/platform.js\" charset=\"UTF-8\"><\/script>\n<\/div><\/figure>\n","protected":false},"excerpt":{"rendered":"<p> Egy ember meghalt, 11-et pedig k\u00f3rh\u00e1zba vittek a ment\u0151k, amikor t\u0171z csapott fel egy \u00f3zdi id\u0151sek otthon\u00e1ban. Az \u00e9p\u00fcletb\u0151l 135 embert kellett kik\u00f6lt\u00f6ztetni az olt\u00e1s idej\u00e9re. M\u00e9g vizsg\u00e1lj\u00e1k, hogy mi okozhatta a t\u00fczet. A halott val\u00f3sz\u00edn\u0171leg f\u00fcstm\u00e9rgez\u00e9st kapott. <\/p>\n<p>RTL.huNo Description<\/p>\n<p>ATV.huAz ATV az els\u0151 mag\u00e1ntelev\u00edzi\u00f3 haz\u00e1nkban. A min\u0151s\u00e9gi, sz\u00ednvonalas, magas \u00e9rt\u00e9krend\u0171 m\u0171sorok k\u00e9sz\u00edt\u00e9s\u00e9t \u00e9s sug\u00e1rz\u00e1s\u00e1t [&#8230;]<\/p>\n","protected":false},"author":4,"featured_media":0,"comment_status":"open","ping_status":"closed","sticky":false,"template":"","format":"standard","meta":{"footnotes":""},"categories":[5],"tags":[380,374,484,161],"class_list":["post-20592","post","type-post","status-publish","format-standard","hentry","category-kek-hirek","tag-mento","tag-nyugdijas","tag-tuz","tag-tuzolto"],"_links":{"self":[{"href":"https:\/\/www.agriatv.hu\/index.php?rest_route=\/wp\/v2\/posts\/20592","targetHints":{"allow":["GET"]}}],"collection":[{"href":"https:\/\/www.agriatv.hu\/index.php?rest_route=\/wp\/v2\/posts"}],"about":[{"href":"https:\/\/www.agriatv.hu\/index.php?rest_route=\/wp\/v2\/types\/post"}],"author":[{"embeddable":true,"href":"https:\/\/www.agriatv.hu\/index.php?rest_route=\/wp\/v2\/users\/4"}],"replies":[{"embeddable":true,"href":"https:\/\/www.agriatv.hu\/index.php?rest_route=%2Fwp%2Fv2%2Fcomments&post=20592"}],"version-history":[{"count":1,"href":"https:\/\/www.agriatv.hu\/index.php?rest_route=\/wp\/v2\/posts\/20592\/revisions"}],"predecessor-version":[{"id":20594,"href":"https:\/\/www.agriatv.hu\/index.php?rest_route=\/wp\/v2\/posts\/20592\/revisions\/20594"}],"wp:attachment":[{"href":"https:\/\/www.agriatv.hu\/index.php?rest_route=%2Fwp%2Fv2%2Fmedia&parent=20592"}],"wp:term":[{"taxonomy":"category","embeddable":true,"href":"https:\/\/www.agriatv.hu\/index.php?rest_route=%2Fwp%2Fv2%2Fcategories&post=20592"},{"taxonomy":"post_tag","embeddable":true,"href":"https:\/\/www.agriatv.hu\/index.php?rest_route=%2Fwp%2Fv2%2Ftags&post=20592"}],"curies":[{"name":"wp","href":"https:\/\/api.w.org\/{rel}","templated":true}]}}