{"id":20598,"date":"2019-06-19T14:59:06","date_gmt":"2019-06-19T14:59:06","guid":{"rendered":"http:\/\/www.agriatv.hu\/?p=20598"},"modified":"2019-06-19T14:59:16","modified_gmt":"2019-06-19T14:59:16","slug":"felhoszakadas-pusztitott-nagyvisnyon","status":"publish","type":"post","link":"https:\/\/www.agriatv.hu\/?p=20598","title":{"rendered":"Felh\u0151szakad\u00e1s puszt\u00edtott Nagyvisny\u00f3n"},"content":{"rendered":"\n<div class=\"wp-block-image\"><figure class=\"alignleft is-resized\"><img loading=\"lazy\" decoding=\"async\" src=\"https:\/\/www.agriatv.hu\/wp-content\/uploads\/2019\/06\/f-2-1024x576.jpg\" alt=\"\" class=\"wp-image-20599\" width=\"178\" height=\"100\" srcset=\"https:\/\/www.agriatv.hu\/wp-content\/uploads\/2019\/06\/f-2-1024x576.jpg 1024w, https:\/\/www.agriatv.hu\/wp-content\/uploads\/2019\/06\/f-2-300x169.jpg 300w, https:\/\/www.agriatv.hu\/wp-content\/uploads\/2019\/06\/f-2-768x432.jpg 768w, https:\/\/www.agriatv.hu\/wp-content\/uploads\/2019\/06\/f-2.jpg 1920w\" sizes=\"auto, (max-width: 178px) 100vw, 178px\" \/><\/figure><\/div>\n\n\n\n<p> A Nagyvisny\u00f3 \u00e9s D\u00e9destapolcs\u00e1ny k\u00f6z\u00f6tti \u00fatszakasz \u2013 a hirtelen bek\u00f6vetkezett heves es\u0151z\u00e9s miatt \u2013 j\u00e1rhatatlann\u00e1 v\u00e1lt, ez\u00e9rt azt a rend\u0151rs\u00e9g lez\u00e1rta a forgalom el\u0151l. <\/p>\n\n\n\n<p> Nagyvisny\u00f3r\u00f3l egy \u00f3r\u00e1n bel\u00fcl t\u00edz riaszt\u00e1s \u00e9rkezett. A J\u00f3zsef Attila \u00faton h\u00e1zakba folyt be az es\u0151, a kazincbarcikai egys\u00e9g k\u00e9t szivatty\u00faval dolgozik a k\u00e1rok felsz\u00e1mol\u00e1s\u00e1n. Az Ady Endre \u00faton pedig a pinc\u00e9t \u00e1rasztotta el. Az egys\u00e9gek folyamatosan dolgoznak a k\u00e1rok elh\u00e1r\u00edt\u00e1s\u00e1n, majd indulnak a k\u00f6vetkez\u0151 k\u00e1resem\u00e9ny helysz\u00edn\u00e9re. <\/p>\n\n\n\n<figure class=\"wp-block-embed-youtube wp-block-embed is-type-rich is-provider-youtube\"><div class=\"wp-block-embed__wrapper\">\n<blockquote class=\"embedly-card\" data-card-controls=\"1\" data-card-align=\"center\" data-card-theme=\"light\" data-card-key=\"bbb82e0305934450ba516e363ef455a7\"><h4><a href=\"https:\/\/youtu.be\/Dc1lyTkyTBU\">190619felhoszakadas nagyvisnyo y<\/a><\/h4><p>No Description<\/p><\/blockquote><script async src=\"\/\/cdn.embedly.com\/widgets\/platform.js\" charset=\"UTF-8\"><\/script>\n<\/div><\/figure>\n","protected":false},"excerpt":{"rendered":"<p> A Nagyvisny\u00f3 \u00e9s D\u00e9destapolcs\u00e1ny k\u00f6z\u00f6tti \u00fatszakasz \u2013 a hirtelen bek\u00f6vetkezett heves es\u0151z\u00e9s miatt \u2013 j\u00e1rhatatlann\u00e1 v\u00e1lt, ez\u00e9rt azt a rend\u0151rs\u00e9g lez\u00e1rta a forgalom el\u0151l. <\/p>\n<p> Nagyvisny\u00f3r\u00f3l egy \u00f3r\u00e1n bel\u00fcl t\u00edz riaszt\u00e1s \u00e9rkezett. A J\u00f3zsef Attila \u00faton h\u00e1zakba folyt be az es\u0151, a kazincbarcikai egys\u00e9g k\u00e9t szivatty\u00faval dolgozik a k\u00e1rok felsz\u00e1mol\u00e1s\u00e1n. Az Ady Endre \u00faton [&#8230;]<\/p>\n","protected":false},"author":4,"featured_media":0,"comment_status":"open","ping_status":"closed","sticky":false,"template":"","format":"standard","meta":{"footnotes":""},"categories":[6],"tags":[1684],"class_list":["post-20598","post","type-post","status-publish","format-standard","hentry","category-belfold","tag-felhoszakadas"],"_links":{"self":[{"href":"https:\/\/www.agriatv.hu\/index.php?rest_route=\/wp\/v2\/posts\/20598","targetHints":{"allow":["GET"]}}],"collection":[{"href":"https:\/\/www.agriatv.hu\/index.php?rest_route=\/wp\/v2\/posts"}],"about":[{"href":"https:\/\/www.agriatv.hu\/index.php?rest_route=\/wp\/v2\/types\/post"}],"author":[{"embeddable":true,"href":"https:\/\/www.agriatv.hu\/index.php?rest_route=\/wp\/v2\/users\/4"}],"replies":[{"embeddable":true,"href":"https:\/\/www.agriatv.hu\/index.php?rest_route=%2Fwp%2Fv2%2Fcomments&post=20598"}],"version-history":[{"count":2,"href":"https:\/\/www.agriatv.hu\/index.php?rest_route=\/wp\/v2\/posts\/20598\/revisions"}],"predecessor-version":[{"id":20601,"href":"https:\/\/www.agriatv.hu\/index.php?rest_route=\/wp\/v2\/posts\/20598\/revisions\/20601"}],"wp:attachment":[{"href":"https:\/\/www.agriatv.hu\/index.php?rest_route=%2Fwp%2Fv2%2Fmedia&parent=20598"}],"wp:term":[{"taxonomy":"category","embeddable":true,"href":"https:\/\/www.agriatv.hu\/index.php?rest_route=%2Fwp%2Fv2%2Fcategories&post=20598"},{"taxonomy":"post_tag","embeddable":true,"href":"https:\/\/www.agriatv.hu\/index.php?rest_route=%2Fwp%2Fv2%2Ftags&post=20598"}],"curies":[{"name":"wp","href":"https:\/\/api.w.org\/{rel}","templated":true}]}}