{"id":20636,"date":"2019-06-26T07:26:27","date_gmt":"2019-06-26T07:26:27","guid":{"rendered":"http:\/\/www.agriatv.hu\/?p=20636"},"modified":"2019-06-26T07:26:39","modified_gmt":"2019-06-26T07:26:39","slug":"konyhakessel-tamadt-a-taxisra","status":"publish","type":"post","link":"https:\/\/www.agriatv.hu\/?p=20636","title":{"rendered":"Konyhak\u00e9ssel t\u00e1madt a taxisra"},"content":{"rendered":"\n<div class=\"wp-block-image\"><figure class=\"alignleft is-resized\"><img loading=\"lazy\" decoding=\"async\" src=\"https:\/\/www.agriatv.hu\/wp-content\/uploads\/2019\/06\/660387.325x183.jpg\" alt=\"\" class=\"wp-image-20637\" width=\"199\" height=\"112\" srcset=\"https:\/\/www.agriatv.hu\/wp-content\/uploads\/2019\/06\/660387.325x183.jpg 325w, https:\/\/www.agriatv.hu\/wp-content\/uploads\/2019\/06\/660387.325x183-300x169.jpg 300w\" sizes=\"auto, (max-width: 199px) 100vw, 199px\" \/><\/figure><\/div>\n\n\n\n<p>Egy nagym\u00e9ret\u0171 konyhak\u00e9ssel t\u00e1madt r\u00e1 egy taxisra az utasa, amikor el akarta vitetni mag\u00e1t Erd\u0151telekre Egerbakt\u00e1r\u00f3l. A taxisof\u0151r el\u0151re k\u00e9rte a fuvard\u00edjat a nagy t\u00e1vols\u00e1g miatt, a fiatal f\u00e9rfi a kab\u00e1tja zseb\u00e9be ny\u00falt, de p\u00e9nz helyett egy hossz\u00fa konyhak\u00e9st r\u00e1ntott el\u0151. A taxis kiugrott a kocsib\u00f3l, amivel azt\u00e1n t\u00e1mad\u00f3ja elhajtott. M\u00e9g a sof\u0151r p\u00e9nzt\u00e1rc\u00e1j\u00e1t is elvette. Az \u00fcgy\u00e9szs\u00e9g most emelt v\u00e1dat az \u00fcgyben.<\/p>\n\n\n\n<figure><iframe loading=\"lazy\" allowfullscreen=\"yes\" width=\"640\" height=\"360\" src=\"\/\/tenyek.hu\/neoplayer\/tv2\/embed\/295167_konyhakessel-tamadt-a-taxisra.html\"><\/iframe><\/figure>\n","protected":false},"excerpt":{"rendered":"<p>Egy nagym\u00e9ret\u0171 konyhak\u00e9ssel t\u00e1madt r\u00e1 egy taxisra az utasa, amikor el akarta vitetni mag\u00e1t Erd\u0151telekre Egerbakt\u00e1r\u00f3l. A taxisof\u0151r el\u0151re k\u00e9rte a fuvard\u00edjat a nagy t\u00e1vols\u00e1g miatt, a fiatal f\u00e9rfi a kab\u00e1tja zseb\u00e9be ny\u00falt, de p\u00e9nz helyett egy hossz\u00fa konyhak\u00e9st r\u00e1ntott el\u0151. A taxis kiugrott a kocsib\u00f3l, amivel azt\u00e1n t\u00e1mad\u00f3ja elhajtott. M\u00e9g a sof\u0151r p\u00e9nzt\u00e1rc\u00e1j\u00e1t is [&#8230;]<\/p>\n","protected":false},"author":4,"featured_media":0,"comment_status":"open","ping_status":"closed","sticky":false,"template":"","format":"standard","meta":{"footnotes":""},"categories":[5],"tags":[],"class_list":["post-20636","post","type-post","status-publish","format-standard","hentry","category-kek-hirek"],"_links":{"self":[{"href":"https:\/\/www.agriatv.hu\/index.php?rest_route=\/wp\/v2\/posts\/20636","targetHints":{"allow":["GET"]}}],"collection":[{"href":"https:\/\/www.agriatv.hu\/index.php?rest_route=\/wp\/v2\/posts"}],"about":[{"href":"https:\/\/www.agriatv.hu\/index.php?rest_route=\/wp\/v2\/types\/post"}],"author":[{"embeddable":true,"href":"https:\/\/www.agriatv.hu\/index.php?rest_route=\/wp\/v2\/users\/4"}],"replies":[{"embeddable":true,"href":"https:\/\/www.agriatv.hu\/index.php?rest_route=%2Fwp%2Fv2%2Fcomments&post=20636"}],"version-history":[{"count":1,"href":"https:\/\/www.agriatv.hu\/index.php?rest_route=\/wp\/v2\/posts\/20636\/revisions"}],"predecessor-version":[{"id":20638,"href":"https:\/\/www.agriatv.hu\/index.php?rest_route=\/wp\/v2\/posts\/20636\/revisions\/20638"}],"wp:attachment":[{"href":"https:\/\/www.agriatv.hu\/index.php?rest_route=%2Fwp%2Fv2%2Fmedia&parent=20636"}],"wp:term":[{"taxonomy":"category","embeddable":true,"href":"https:\/\/www.agriatv.hu\/index.php?rest_route=%2Fwp%2Fv2%2Fcategories&post=20636"},{"taxonomy":"post_tag","embeddable":true,"href":"https:\/\/www.agriatv.hu\/index.php?rest_route=%2Fwp%2Fv2%2Ftags&post=20636"}],"curies":[{"name":"wp","href":"https:\/\/api.w.org\/{rel}","templated":true}]}}