{"id":20646,"date":"2019-06-27T19:55:56","date_gmt":"2019-06-27T19:55:56","guid":{"rendered":"http:\/\/www.agriatv.hu\/?p=20646"},"modified":"2019-06-27T19:55:59","modified_gmt":"2019-06-27T19:55:59","slug":"pokok-voltak-a-bananok-kozott","status":"publish","type":"post","link":"https:\/\/www.agriatv.hu\/?p=20646","title":{"rendered":"P\u00f3kok voltak a ban\u00e1nok k\u00f6z\u00f6tt"},"content":{"rendered":"\n<div class=\"wp-block-image\"><figure class=\"alignleft is-resized\"><img loading=\"lazy\" decoding=\"async\" src=\"https:\/\/www.agriatv.hu\/wp-content\/uploads\/2019\/06\/660607.325x183.jpg\" alt=\"\" class=\"wp-image-20647\" width=\"184\" height=\"104\" srcset=\"https:\/\/www.agriatv.hu\/wp-content\/uploads\/2019\/06\/660607.325x183.jpg 325w, https:\/\/www.agriatv.hu\/wp-content\/uploads\/2019\/06\/660607.325x183-300x169.jpg 300w\" sizes=\"auto, (max-width: 184px) 100vw, 184px\" \/><\/figure><\/div>\n\n\n\n<p> P\u00f3kok keltek ki egy f\u00fcrt ban\u00e1nb\u00f3l Heves megy\u00e9ben. A csal\u00e1d egy bev\u00e1s\u00e1rl\u00f3k\u00f6zpontban vette a gy\u00fcm\u00f6lcs\u00f6t, \u00e9s amikor kibontott\u00e1k, az apr\u00f3 p\u00f3kok sz\u00e9trajzottak. A szak\u00e9rt\u0151 szerint ban\u00e1np\u00f3kok lehettek, amik vesz\u00e9lyesek, cs\u00edp\u00e9s\u00fck ak\u00e1r hal\u00e1los is lehet. R\u00e1ad\u00e1sul mivel a csal\u00e1d a ban\u00e1nt kidobta a kertbe, a p\u00f3kokat nem is siker\u00fclt befogni. Egy szak\u00e9rt\u0151 szerint ak\u00e1r el is szaporodhatnak.<br \/><\/p>\n\n\n\n<figure><iframe loading=\"lazy\" allowfullscreen=\"yes\" width=\"640\" height=\"360\" src=\"\/\/tenyek.hu\/neoplayer\/tv2\/embed\/295327_pokok-voltak-a-bananok-kozott.html\"><\/iframe><\/figure>\n","protected":false},"excerpt":{"rendered":"<p> P\u00f3kok keltek ki egy f\u00fcrt ban\u00e1nb\u00f3l Heves megy\u00e9ben. A csal\u00e1d egy bev\u00e1s\u00e1rl\u00f3k\u00f6zpontban vette a gy\u00fcm\u00f6lcs\u00f6t, \u00e9s amikor kibontott\u00e1k, az apr\u00f3 p\u00f3kok sz\u00e9trajzottak. A szak\u00e9rt\u0151 szerint ban\u00e1np\u00f3kok lehettek, amik vesz\u00e9lyesek, cs\u00edp\u00e9s\u00fck ak\u00e1r hal\u00e1los is lehet. R\u00e1ad\u00e1sul mivel a csal\u00e1d a ban\u00e1nt kidobta a kertbe, a p\u00f3kokat nem is siker\u00fclt befogni. Egy szak\u00e9rt\u0151 szerint ak\u00e1r el [&#8230;]<\/p>\n","protected":false},"author":4,"featured_media":0,"comment_status":"open","ping_status":"closed","sticky":false,"template":"","format":"standard","meta":{"footnotes":""},"categories":[6,19,7],"tags":[3321,3322],"class_list":["post-20646","post","type-post","status-publish","format-standard","hentry","category-belfold","category-egeszseg","category-kulfold","tag-banan","tag-bananpok"],"_links":{"self":[{"href":"https:\/\/www.agriatv.hu\/index.php?rest_route=\/wp\/v2\/posts\/20646","targetHints":{"allow":["GET"]}}],"collection":[{"href":"https:\/\/www.agriatv.hu\/index.php?rest_route=\/wp\/v2\/posts"}],"about":[{"href":"https:\/\/www.agriatv.hu\/index.php?rest_route=\/wp\/v2\/types\/post"}],"author":[{"embeddable":true,"href":"https:\/\/www.agriatv.hu\/index.php?rest_route=\/wp\/v2\/users\/4"}],"replies":[{"embeddable":true,"href":"https:\/\/www.agriatv.hu\/index.php?rest_route=%2Fwp%2Fv2%2Fcomments&post=20646"}],"version-history":[{"count":1,"href":"https:\/\/www.agriatv.hu\/index.php?rest_route=\/wp\/v2\/posts\/20646\/revisions"}],"predecessor-version":[{"id":20648,"href":"https:\/\/www.agriatv.hu\/index.php?rest_route=\/wp\/v2\/posts\/20646\/revisions\/20648"}],"wp:attachment":[{"href":"https:\/\/www.agriatv.hu\/index.php?rest_route=%2Fwp%2Fv2%2Fmedia&parent=20646"}],"wp:term":[{"taxonomy":"category","embeddable":true,"href":"https:\/\/www.agriatv.hu\/index.php?rest_route=%2Fwp%2Fv2%2Fcategories&post=20646"},{"taxonomy":"post_tag","embeddable":true,"href":"https:\/\/www.agriatv.hu\/index.php?rest_route=%2Fwp%2Fv2%2Ftags&post=20646"}],"curies":[{"name":"wp","href":"https:\/\/api.w.org\/{rel}","templated":true}]}}