{"id":20649,"date":"2019-06-27T20:15:39","date_gmt":"2019-06-27T20:15:39","guid":{"rendered":"http:\/\/www.agriatv.hu\/?p=20649"},"modified":"2019-06-27T20:29:34","modified_gmt":"2019-06-27T20:29:34","slug":"frontalis-utkozes-a-matraban-video","status":"publish","type":"post","link":"https:\/\/www.agriatv.hu\/?p=20649","title":{"rendered":"Front\u00e1lis \u00fctk\u00f6z\u00e9s a M\u00e1tr\u00e1ban &#8211; vide\u00f3"},"content":{"rendered":"\n<div class=\"wp-block-image\"><figure class=\"alignleft is-resized\"><img loading=\"lazy\" decoding=\"async\" src=\"https:\/\/www.agriatv.hu\/wp-content\/uploads\/2019\/06\/f-3-1024x576.jpg\" alt=\"\" class=\"wp-image-20650\" width=\"173\" height=\"97\" srcset=\"https:\/\/www.agriatv.hu\/wp-content\/uploads\/2019\/06\/f-3-1024x576.jpg 1024w, https:\/\/www.agriatv.hu\/wp-content\/uploads\/2019\/06\/f-3-300x169.jpg 300w, https:\/\/www.agriatv.hu\/wp-content\/uploads\/2019\/06\/f-3-768x432.jpg 768w, https:\/\/www.agriatv.hu\/wp-content\/uploads\/2019\/06\/f-3.jpg 1920w\" sizes=\"auto, (max-width: 173px) 100vw, 173px\" \/><\/figure><\/div>\n\n\n\n<p>Front\u00e1lisan \u00fctk\u00f6z\u00f6tt \u00f6ssze k\u00e9t kocsi a 24-es f\u0151\u00faton, Par\u00e1dsasv\u00e1r k\u00f6zel\u00e9ben.<\/p>\n\n\n\n<p>Val\u00f3sz\u00edn\u0171leg nagy sebess\u00e9ggel k\u00f6zlekedett egy Volkswagen a M\u00e1tr\u00e1ban, M\u00e1trah\u00e1za fel\u0151l Par\u00e1dsasv\u00e1r ir\u00e1ny\u00e1ba. Az egyik kanyarban az er\u0151teljes f\u00e9kez\u00e9s ellen\u00e9re kisodr\u00f3dott, \u00e9s front\u00e1lisan belecsap\u00f3dott az ott szab\u00e1lyosan k\u00f6zleked\u0151 Opelbe.<\/p>\n\n\n\n<p>\u00dagy tudjuk, a baleset sor\u00e1n n\u00e9gyen s\u00e9r\u00fcltek meg: egyik\u00fck egy kisl\u00e1ny, aki\u00e9rt ment\u0151helikopter is \u00e9rkezett az egyik k\u00f6zeli telep\u00fcl\u00e9sre.<\/p>\n\n\n\n<p>A helysz\u00ednel\u00e9s idej\u00e9re, \u00f3r\u00e1kra lez\u00e1rt\u00e1k a f\u0151\u00fat M\u00e1tr\u00e1n \u00e1thalad\u00f3 szakasz\u00e1t.<\/p>\n\n\n\n<figure class=\"wp-block-embed-youtube wp-block-embed is-type-rich is-provider-youtube\"><div class=\"wp-block-embed__wrapper\">\n<blockquote class=\"embedly-card\" data-card-controls=\"1\" data-card-align=\"center\" data-card-theme=\"light\" data-card-key=\"bbb82e0305934450ba516e363ef455a7\"><h4><a href=\"https:\/\/youtu.be\/isf5839C8tw\">190627baleset paradsasvar y<\/a><\/h4><p>Uploaded by Agria Tv Bt on 2019-06-27.<\/p><\/blockquote><script async src=\"\/\/cdn.embedly.com\/widgets\/platform.js\" charset=\"UTF-8\"><\/script>\n<\/div><\/figure>\n","protected":false},"excerpt":{"rendered":"<p>Front\u00e1lisan \u00fctk\u00f6z\u00f6tt \u00f6ssze k\u00e9t kocsi a 24-es f\u0151\u00faton, Par\u00e1dsasv\u00e1r k\u00f6zel\u00e9ben.<\/p>\n<p>Val\u00f3sz\u00edn\u0171leg nagy sebess\u00e9ggel k\u00f6zlekedett egy Volkswagen a M\u00e1tr\u00e1ban, M\u00e1trah\u00e1za fel\u0151l Par\u00e1dsasv\u00e1r ir\u00e1ny\u00e1ba. Az egyik kanyarban az er\u0151teljes f\u00e9kez\u00e9s ellen\u00e9re kisodr\u00f3dott, \u00e9s front\u00e1lisan belecsap\u00f3dott az ott szab\u00e1lyosan k\u00f6zleked\u0151 Opelbe.<\/p>\n<p>\u00dagy tudjuk, a baleset sor\u00e1n n\u00e9gyen s\u00e9r\u00fcltek meg: egyik\u00fck egy kisl\u00e1ny, aki\u00e9rt ment\u0151helikopter is \u00e9rkezett az egyik k\u00f6zeli telep\u00fcl\u00e9sre.<\/p>\n<p>A [&#8230;]<\/p>\n","protected":false},"author":4,"featured_media":0,"comment_status":"open","ping_status":"closed","sticky":false,"template":"","format":"standard","meta":{"footnotes":""},"categories":[1],"tags":[],"class_list":["post-20649","post","type-post","status-publish","format-standard","hentry","category-nincs-kategorizalva"],"_links":{"self":[{"href":"https:\/\/www.agriatv.hu\/index.php?rest_route=\/wp\/v2\/posts\/20649","targetHints":{"allow":["GET"]}}],"collection":[{"href":"https:\/\/www.agriatv.hu\/index.php?rest_route=\/wp\/v2\/posts"}],"about":[{"href":"https:\/\/www.agriatv.hu\/index.php?rest_route=\/wp\/v2\/types\/post"}],"author":[{"embeddable":true,"href":"https:\/\/www.agriatv.hu\/index.php?rest_route=\/wp\/v2\/users\/4"}],"replies":[{"embeddable":true,"href":"https:\/\/www.agriatv.hu\/index.php?rest_route=%2Fwp%2Fv2%2Fcomments&post=20649"}],"version-history":[{"count":2,"href":"https:\/\/www.agriatv.hu\/index.php?rest_route=\/wp\/v2\/posts\/20649\/revisions"}],"predecessor-version":[{"id":20652,"href":"https:\/\/www.agriatv.hu\/index.php?rest_route=\/wp\/v2\/posts\/20649\/revisions\/20652"}],"wp:attachment":[{"href":"https:\/\/www.agriatv.hu\/index.php?rest_route=%2Fwp%2Fv2%2Fmedia&parent=20649"}],"wp:term":[{"taxonomy":"category","embeddable":true,"href":"https:\/\/www.agriatv.hu\/index.php?rest_route=%2Fwp%2Fv2%2Fcategories&post=20649"},{"taxonomy":"post_tag","embeddable":true,"href":"https:\/\/www.agriatv.hu\/index.php?rest_route=%2Fwp%2Fv2%2Ftags&post=20649"}],"curies":[{"name":"wp","href":"https:\/\/api.w.org\/{rel}","templated":true}]}}