{"id":20671,"date":"2019-07-08T19:37:12","date_gmt":"2019-07-08T19:37:12","guid":{"rendered":"http:\/\/www.agriatv.hu\/?p=20671"},"modified":"2019-07-08T19:37:19","modified_gmt":"2019-07-08T19:37:19","slug":"nemsokara-part-kap-a-gyongyosi-puma","status":"publish","type":"post","link":"https:\/\/www.agriatv.hu\/?p=20671","title":{"rendered":"Nemsok\u00e1ra p\u00e1rt kap a gy\u00f6ngy\u00f6si puma"},"content":{"rendered":"\n<div class=\"wp-block-image\"><figure class=\"alignleft is-resized\"><img loading=\"lazy\" decoding=\"async\" src=\"https:\/\/www.agriatv.hu\/wp-content\/uploads\/2019\/07\/661577.325x183.jpg\" alt=\"\" class=\"wp-image-20672\" width=\"140\" height=\"79\" srcset=\"https:\/\/www.agriatv.hu\/wp-content\/uploads\/2019\/07\/661577.325x183.jpg 325w, https:\/\/www.agriatv.hu\/wp-content\/uploads\/2019\/07\/661577.325x183-300x169.jpg 300w\" sizes=\"auto, (max-width: 140px) 100vw, 140px\" \/><\/figure><\/div>\n\n\n\n<p> K\u00e1b\u00edt\u00e1s n\u00e9lk\u00fcl \u00e9rkezett meg Szlov\u00e1ki\u00e1b\u00f3l a Gy\u00f6ngy\u00f6si \u00c1llatkertbe egy h\u00e1rom \u00e9s f\u00e9l \u00e9ves puma. Az \u00e9rkez\u00e9s\u00e9t nemcsak a gondoz\u00f3k, hanem a l\u00e1togat\u00f3k is nagyon v\u00e1rt\u00e1k. A puma nem marad sok\u00e1ig mag\u00e1nyos hamarosan \u00e9rkezik hozz\u00e1 egy t\u00e1rs is. <\/p>\n\n\n\n<figure><iframe loading=\"lazy\" allowfullscreen=\"yes\" width=\"640\" height=\"360\" src=\"\/\/tenyek.hu\/neoplayer\/tv2\/embed\/296030_nemsokara-part-kap-a-gyongyosi-puma.html\"><\/iframe><\/figure>\n","protected":false},"excerpt":{"rendered":"<p> K\u00e1b\u00edt\u00e1s n\u00e9lk\u00fcl \u00e9rkezett meg Szlov\u00e1ki\u00e1b\u00f3l a Gy\u00f6ngy\u00f6si \u00c1llatkertbe egy h\u00e1rom \u00e9s f\u00e9l \u00e9ves puma. Az \u00e9rkez\u00e9s\u00e9t nemcsak a gondoz\u00f3k, hanem a l\u00e1togat\u00f3k is nagyon v\u00e1rt\u00e1k. A puma nem marad sok\u00e1ig mag\u00e1nyos hamarosan \u00e9rkezik hozz\u00e1 egy t\u00e1rs is. <\/p>\n","protected":false},"author":4,"featured_media":0,"comment_status":"open","ping_status":"closed","sticky":false,"template":"","format":"standard","meta":{"footnotes":""},"categories":[6,4],"tags":[3324],"class_list":["post-20671","post","type-post","status-publish","format-standard","hentry","category-belfold","category-szabadido","tag-puma"],"_links":{"self":[{"href":"https:\/\/www.agriatv.hu\/index.php?rest_route=\/wp\/v2\/posts\/20671","targetHints":{"allow":["GET"]}}],"collection":[{"href":"https:\/\/www.agriatv.hu\/index.php?rest_route=\/wp\/v2\/posts"}],"about":[{"href":"https:\/\/www.agriatv.hu\/index.php?rest_route=\/wp\/v2\/types\/post"}],"author":[{"embeddable":true,"href":"https:\/\/www.agriatv.hu\/index.php?rest_route=\/wp\/v2\/users\/4"}],"replies":[{"embeddable":true,"href":"https:\/\/www.agriatv.hu\/index.php?rest_route=%2Fwp%2Fv2%2Fcomments&post=20671"}],"version-history":[{"count":2,"href":"https:\/\/www.agriatv.hu\/index.php?rest_route=\/wp\/v2\/posts\/20671\/revisions"}],"predecessor-version":[{"id":20674,"href":"https:\/\/www.agriatv.hu\/index.php?rest_route=\/wp\/v2\/posts\/20671\/revisions\/20674"}],"wp:attachment":[{"href":"https:\/\/www.agriatv.hu\/index.php?rest_route=%2Fwp%2Fv2%2Fmedia&parent=20671"}],"wp:term":[{"taxonomy":"category","embeddable":true,"href":"https:\/\/www.agriatv.hu\/index.php?rest_route=%2Fwp%2Fv2%2Fcategories&post=20671"},{"taxonomy":"post_tag","embeddable":true,"href":"https:\/\/www.agriatv.hu\/index.php?rest_route=%2Fwp%2Fv2%2Ftags&post=20671"}],"curies":[{"name":"wp","href":"https:\/\/api.w.org\/{rel}","templated":true}]}}