{"id":20701,"date":"2019-07-17T18:22:44","date_gmt":"2019-07-17T18:22:44","guid":{"rendered":"http:\/\/www.agriatv.hu\/?p=20701"},"modified":"2019-07-17T18:25:38","modified_gmt":"2019-07-17T18:25:38","slug":"20-metert-repult-az-auto-motorja","status":"publish","type":"post","link":"https:\/\/www.agriatv.hu\/?p=20701","title":{"rendered":"20 m\u00e9tert rep\u00fclt az aut\u00f3 motorja"},"content":{"rendered":"\n<div class=\"wp-block-image\"><figure class=\"alignleft is-resized\"><img loading=\"lazy\" decoding=\"async\" src=\"https:\/\/www.agriatv.hu\/wp-content\/uploads\/2019\/07\/662505.325x183.jpg\" alt=\"\" class=\"wp-image-20702\" width=\"178\" height=\"100\" srcset=\"https:\/\/www.agriatv.hu\/wp-content\/uploads\/2019\/07\/662505.325x183.jpg 325w, https:\/\/www.agriatv.hu\/wp-content\/uploads\/2019\/07\/662505.325x183-300x169.jpg 300w\" sizes=\"auto, (max-width: 178px) 100vw, 178px\" \/><\/figure><\/div>\n\n\n\n<p> 20 m\u00e9tert rep\u00fclt a kiszakadt motor, de m\u00e9g a ped\u00e1ljai is \u00f6sszekeveredtek annak az aut\u00f3nak, amelyik front\u00e1lisan \u00fctk\u00f6z\u00f6tt egy m\u00e1sik kocsival Veszpr\u00e9m k\u00f6zel\u00e9ben. Az aut\u00f3t vezet\u0151 34 \u00e9ves sof\u0151r \u00e1tt\u00e9rt a szembes\u00e1vba, ahol belecsap\u00f3dott egy m\u00e1sik aut\u00f3ba, amiben egy 50 \u00e9ves h\u00e1zasp\u00e1r \u00fclt. Mindh\u00e1rman s\u00falyosan megs\u00e9r\u00fcltek. B\u00e9lap\u00e1tfalva k\u00f6zel\u00e9ben pedig egy 42 \u00e9ves sof\u0151r halt meg, amikor egy kocsisort akart megel\u0151zni.<\/p>\n\n\n\n<figure><iframe loading=\"lazy\" allowfullscreen=\"yes\" width=\"640\" height=\"360\" src=\"\/\/tenyek.hu\/neoplayer\/tv2\/embed\/296664_20-metert-repult-az-auto-motorja.html\"><\/iframe><\/figure>\n\n\n\n<figure class=\"wp-block-embed is-type-rich is-provider-rtl-hu\"><div class=\"wp-block-embed__wrapper\">\n<blockquote class=\"embedly-card\" data-card-controls=\"1\" data-card-align=\"center\" data-card-theme=\"light\" data-card-key=\"bbb82e0305934450ba516e363ef455a7\"><h4><a href=\"http:\/\/rtl.hu\/rtlklub\/hirek\/halalos-balesetek-belapatfalva-veszprem\">RTL.hu<\/a><\/h4><p>No Description<\/p><\/blockquote><script async src=\"\/\/cdn.embedly.com\/widgets\/platform.js\" charset=\"UTF-8\"><\/script>\n<\/div><\/figure>\n","protected":false},"excerpt":{"rendered":"<p> 20 m\u00e9tert rep\u00fclt a kiszakadt motor, de m\u00e9g a ped\u00e1ljai is \u00f6sszekeveredtek annak az aut\u00f3nak, amelyik front\u00e1lisan \u00fctk\u00f6z\u00f6tt egy m\u00e1sik kocsival Veszpr\u00e9m k\u00f6zel\u00e9ben. Az aut\u00f3t vezet\u0151 34 \u00e9ves sof\u0151r \u00e1tt\u00e9rt a szembes\u00e1vba, ahol belecsap\u00f3dott egy m\u00e1sik aut\u00f3ba, amiben egy 50 \u00e9ves h\u00e1zasp\u00e1r \u00fclt. Mindh\u00e1rman s\u00falyosan megs\u00e9r\u00fcltek. B\u00e9lap\u00e1tfalva k\u00f6zel\u00e9ben pedig egy 42 \u00e9ves sof\u0151r halt [&#8230;]<\/p>\n","protected":false},"author":4,"featured_media":0,"comment_status":"open","ping_status":"closed","sticky":false,"template":"","format":"standard","meta":{"footnotes":""},"categories":[5],"tags":[41],"class_list":["post-20701","post","type-post","status-publish","format-standard","hentry","category-kek-hirek","tag-baleset"],"_links":{"self":[{"href":"https:\/\/www.agriatv.hu\/index.php?rest_route=\/wp\/v2\/posts\/20701","targetHints":{"allow":["GET"]}}],"collection":[{"href":"https:\/\/www.agriatv.hu\/index.php?rest_route=\/wp\/v2\/posts"}],"about":[{"href":"https:\/\/www.agriatv.hu\/index.php?rest_route=\/wp\/v2\/types\/post"}],"author":[{"embeddable":true,"href":"https:\/\/www.agriatv.hu\/index.php?rest_route=\/wp\/v2\/users\/4"}],"replies":[{"embeddable":true,"href":"https:\/\/www.agriatv.hu\/index.php?rest_route=%2Fwp%2Fv2%2Fcomments&post=20701"}],"version-history":[{"count":4,"href":"https:\/\/www.agriatv.hu\/index.php?rest_route=\/wp\/v2\/posts\/20701\/revisions"}],"predecessor-version":[{"id":20706,"href":"https:\/\/www.agriatv.hu\/index.php?rest_route=\/wp\/v2\/posts\/20701\/revisions\/20706"}],"wp:attachment":[{"href":"https:\/\/www.agriatv.hu\/index.php?rest_route=%2Fwp%2Fv2%2Fmedia&parent=20701"}],"wp:term":[{"taxonomy":"category","embeddable":true,"href":"https:\/\/www.agriatv.hu\/index.php?rest_route=%2Fwp%2Fv2%2Fcategories&post=20701"},{"taxonomy":"post_tag","embeddable":true,"href":"https:\/\/www.agriatv.hu\/index.php?rest_route=%2Fwp%2Fv2%2Ftags&post=20701"}],"curies":[{"name":"wp","href":"https:\/\/api.w.org\/{rel}","templated":true}]}}