{"id":20737,"date":"2019-07-27T20:54:09","date_gmt":"2019-07-27T20:54:09","guid":{"rendered":"http:\/\/www.agriatv.hu\/?p=20737"},"modified":"2019-07-27T20:54:20","modified_gmt":"2019-07-27T20:54:20","slug":"haztetoket-bontott-a-szel-jeg-esett","status":"publish","type":"post","link":"https:\/\/www.agriatv.hu\/?p=20737","title":{"rendered":"H\u00e1ztet\u0151ket bontott a sz\u00e9l, j\u00e9g esett"},"content":{"rendered":"\n<div class=\"wp-block-image\"><figure class=\"alignleft is-resized\"><img loading=\"lazy\" decoding=\"async\" src=\"https:\/\/www.agriatv.hu\/wp-content\/uploads\/2019\/07\/663615.325x183.jpg\" alt=\"\" class=\"wp-image-20738\" width=\"179\" height=\"101\" srcset=\"https:\/\/www.agriatv.hu\/wp-content\/uploads\/2019\/07\/663615.325x183.jpg 325w, https:\/\/www.agriatv.hu\/wp-content\/uploads\/2019\/07\/663615.325x183-300x169.jpg 300w\" sizes=\"auto, (max-width: 179px) 100vw, 179px\" \/><\/figure><\/div>\n\n\n\n<p>K\u00e1nikula ut\u00e1n tombol\u00f3 vihar csapott le az orsz\u00e1gra. Tet\u0151ket, villanyvezet\u00e9keket t\u00e9pett le az \u00f3ri\u00e1si sz\u00e9l, a kocsik l\u00e9p\u00e9sben araszoltak az el\u00e1rasztott utakon. A t\u0171zolt\u00f3k meg sem \u00e1lltak, eg\u00e9sz \u00e9jjel dolgoztak, kid\u0151lt f\u00e1kat kellett eltakar\u00edtaniuk \u00e9s h\u00e1zakb\u00f3l kiszivatty\u00fazni a vizet. A legt\u00f6bb bejelent\u00e9s Budapestr\u0151l, Pest \u00e9s Szabolcs megy\u00e9b\u0151l \u00e9rkezett.<\/p>\n\n\n\n<figure><iframe loading=\"lazy\" allowfullscreen=\"yes\" width=\"640\" height=\"360\" src=\"\/\/tenyek.hu\/neoplayer\/tv2\/embed\/297386_haztetoket-bontott-a-szel-jeg-esett.html\"><\/iframe><\/figure>\n","protected":false},"excerpt":{"rendered":"<p>K\u00e1nikula ut\u00e1n tombol\u00f3 vihar csapott le az orsz\u00e1gra. Tet\u0151ket, villanyvezet\u00e9keket t\u00e9pett le az \u00f3ri\u00e1si sz\u00e9l, a kocsik l\u00e9p\u00e9sben araszoltak az el\u00e1rasztott utakon. A t\u0171zolt\u00f3k meg sem \u00e1lltak, eg\u00e9sz \u00e9jjel dolgoztak, kid\u0151lt f\u00e1kat kellett eltakar\u00edtaniuk \u00e9s h\u00e1zakb\u00f3l kiszivatty\u00fazni a vizet. A legt\u00f6bb bejelent\u00e9s Budapestr\u0151l, Pest \u00e9s Szabolcs megy\u00e9b\u0151l \u00e9rkezett.<\/p>\n","protected":false},"author":4,"featured_media":0,"comment_status":"open","ping_status":"closed","sticky":false,"template":"","format":"standard","meta":{"footnotes":""},"categories":[6,4],"tags":[899,195],"class_list":["post-20737","post","type-post","status-publish","format-standard","hentry","category-belfold","category-szabadido","tag-idojaras","tag-vihar"],"_links":{"self":[{"href":"https:\/\/www.agriatv.hu\/index.php?rest_route=\/wp\/v2\/posts\/20737","targetHints":{"allow":["GET"]}}],"collection":[{"href":"https:\/\/www.agriatv.hu\/index.php?rest_route=\/wp\/v2\/posts"}],"about":[{"href":"https:\/\/www.agriatv.hu\/index.php?rest_route=\/wp\/v2\/types\/post"}],"author":[{"embeddable":true,"href":"https:\/\/www.agriatv.hu\/index.php?rest_route=\/wp\/v2\/users\/4"}],"replies":[{"embeddable":true,"href":"https:\/\/www.agriatv.hu\/index.php?rest_route=%2Fwp%2Fv2%2Fcomments&post=20737"}],"version-history":[{"count":2,"href":"https:\/\/www.agriatv.hu\/index.php?rest_route=\/wp\/v2\/posts\/20737\/revisions"}],"predecessor-version":[{"id":20740,"href":"https:\/\/www.agriatv.hu\/index.php?rest_route=\/wp\/v2\/posts\/20737\/revisions\/20740"}],"wp:attachment":[{"href":"https:\/\/www.agriatv.hu\/index.php?rest_route=%2Fwp%2Fv2%2Fmedia&parent=20737"}],"wp:term":[{"taxonomy":"category","embeddable":true,"href":"https:\/\/www.agriatv.hu\/index.php?rest_route=%2Fwp%2Fv2%2Fcategories&post=20737"},{"taxonomy":"post_tag","embeddable":true,"href":"https:\/\/www.agriatv.hu\/index.php?rest_route=%2Fwp%2Fv2%2Ftags&post=20737"}],"curies":[{"name":"wp","href":"https:\/\/api.w.org\/{rel}","templated":true}]}}