{"id":20741,"date":"2019-07-28T21:50:57","date_gmt":"2019-07-28T21:50:57","guid":{"rendered":"http:\/\/www.agriatv.hu\/?p=20741"},"modified":"2019-07-28T21:51:12","modified_gmt":"2019-07-28T21:51:12","slug":"derekon-szurta-szomszedjat","status":"publish","type":"post","link":"https:\/\/www.agriatv.hu\/?p=20741","title":{"rendered":"Der\u00e9kon sz\u00farta szomsz\u00e9dj\u00e1t"},"content":{"rendered":"\n<div class=\"wp-block-image\"><figure class=\"alignleft is-resized\"><img loading=\"lazy\" decoding=\"async\" src=\"https:\/\/www.agriatv.hu\/wp-content\/uploads\/2019\/07\/663638.325x183.jpg\" alt=\"\" class=\"wp-image-20742\" width=\"179\" height=\"101\" srcset=\"https:\/\/www.agriatv.hu\/wp-content\/uploads\/2019\/07\/663638.325x183.jpg 325w, https:\/\/www.agriatv.hu\/wp-content\/uploads\/2019\/07\/663638.325x183-300x169.jpg 300w\" sizes=\"auto, (max-width: 179px) 100vw, 179px\" \/><\/figure><\/div>\n\n\n\n<p>Der\u00e9kon sz\u00farta szomsz\u00e9dj\u00e1t egy f\u00e9rfi Szir\u00e1kon. Az \u00e1ldozat \u00e9desanyja szerint, a r\u00e9szeg t\u00e1mad\u00f3 csak \u00fagy belek\u00f6t\u00f6tt fi\u00e1ba \u00e9s a vita hev\u00e9ben medence t\u00e1j\u00e9kon sz\u00farta \u0151t. A megk\u00e9selt f\u00e9rfi p\u00e1nikba esett a v\u00e9r l\u00e1tt\u00e1n \u00e9s el\u00e1jult, ment\u0151 vitte k\u00f3rh\u00e1zba. A rend\u0151rs\u00e9g pedig el\u0151\u00e1ll\u00edtotta a k\u00e9ses t\u00e1mad\u00f3t.<\/p>\n\n\n\n<figure><iframe loading=\"lazy\" allowfullscreen=\"yes\" width=\"640\" height=\"360\" src=\"\/\/tenyek.hu\/neoplayer\/tv2\/embed\/297409_derekon-szurta-szomszedjat.html\"><\/iframe><\/figure>\n","protected":false},"excerpt":{"rendered":"<p>Der\u00e9kon sz\u00farta szomsz\u00e9dj\u00e1t egy f\u00e9rfi Szir\u00e1kon. Az \u00e1ldozat \u00e9desanyja szerint, a r\u00e9szeg t\u00e1mad\u00f3 csak \u00fagy belek\u00f6t\u00f6tt fi\u00e1ba \u00e9s a vita hev\u00e9ben medence t\u00e1j\u00e9kon sz\u00farta \u0151t. A megk\u00e9selt f\u00e9rfi p\u00e1nikba esett a v\u00e9r l\u00e1tt\u00e1n \u00e9s el\u00e1jult, ment\u0151 vitte k\u00f3rh\u00e1zba. A rend\u0151rs\u00e9g pedig el\u0151\u00e1ll\u00edtotta a k\u00e9ses t\u00e1mad\u00f3t.<\/p>\n","protected":false},"author":4,"featured_media":0,"comment_status":"open","ping_status":"closed","sticky":false,"template":"","format":"standard","meta":{"footnotes":""},"categories":[5],"tags":[1329,3341],"class_list":["post-20741","post","type-post","status-publish","format-standard","hentry","category-kek-hirek","tag-kes","tag-szirak"],"_links":{"self":[{"href":"https:\/\/www.agriatv.hu\/index.php?rest_route=\/wp\/v2\/posts\/20741","targetHints":{"allow":["GET"]}}],"collection":[{"href":"https:\/\/www.agriatv.hu\/index.php?rest_route=\/wp\/v2\/posts"}],"about":[{"href":"https:\/\/www.agriatv.hu\/index.php?rest_route=\/wp\/v2\/types\/post"}],"author":[{"embeddable":true,"href":"https:\/\/www.agriatv.hu\/index.php?rest_route=\/wp\/v2\/users\/4"}],"replies":[{"embeddable":true,"href":"https:\/\/www.agriatv.hu\/index.php?rest_route=%2Fwp%2Fv2%2Fcomments&post=20741"}],"version-history":[{"count":1,"href":"https:\/\/www.agriatv.hu\/index.php?rest_route=\/wp\/v2\/posts\/20741\/revisions"}],"predecessor-version":[{"id":20743,"href":"https:\/\/www.agriatv.hu\/index.php?rest_route=\/wp\/v2\/posts\/20741\/revisions\/20743"}],"wp:attachment":[{"href":"https:\/\/www.agriatv.hu\/index.php?rest_route=%2Fwp%2Fv2%2Fmedia&parent=20741"}],"wp:term":[{"taxonomy":"category","embeddable":true,"href":"https:\/\/www.agriatv.hu\/index.php?rest_route=%2Fwp%2Fv2%2Fcategories&post=20741"},{"taxonomy":"post_tag","embeddable":true,"href":"https:\/\/www.agriatv.hu\/index.php?rest_route=%2Fwp%2Fv2%2Ftags&post=20741"}],"curies":[{"name":"wp","href":"https:\/\/api.w.org\/{rel}","templated":true}]}}