{"id":20759,"date":"2019-08-07T19:00:43","date_gmt":"2019-08-07T19:00:43","guid":{"rendered":"http:\/\/www.agriatv.hu\/?p=20759"},"modified":"2019-08-07T19:01:40","modified_gmt":"2019-08-07T19:01:40","slug":"mergezes-okozhatja-a-halpusztulast","status":"publish","type":"post","link":"https:\/\/www.agriatv.hu\/?p=20759","title":{"rendered":"M\u00e9rgez\u00e9s okozhatja a halpusztul\u00e1st &#8211; vide\u00f3"},"content":{"rendered":"\n<div class=\"wp-block-image\"><figure class=\"alignleft is-resized\"><img loading=\"lazy\" decoding=\"async\" src=\"https:\/\/www.agriatv.hu\/wp-content\/uploads\/2019\/08\/f-1-1024x576.jpg\" alt=\"\" class=\"wp-image-20760\" width=\"155\" height=\"87\" srcset=\"https:\/\/www.agriatv.hu\/wp-content\/uploads\/2019\/08\/f-1-1024x576.jpg 1024w, https:\/\/www.agriatv.hu\/wp-content\/uploads\/2019\/08\/f-1-300x169.jpg 300w, https:\/\/www.agriatv.hu\/wp-content\/uploads\/2019\/08\/f-1-768x432.jpg 768w, https:\/\/www.agriatv.hu\/wp-content\/uploads\/2019\/08\/f-1-100x56.jpg 100w, https:\/\/www.agriatv.hu\/wp-content\/uploads\/2019\/08\/f-1-150x84.jpg 150w, https:\/\/www.agriatv.hu\/wp-content\/uploads\/2019\/08\/f-1-200x113.jpg 200w, https:\/\/www.agriatv.hu\/wp-content\/uploads\/2019\/08\/f-1-450x253.jpg 450w, https:\/\/www.agriatv.hu\/wp-content\/uploads\/2019\/08\/f-1-600x338.jpg 600w, https:\/\/www.agriatv.hu\/wp-content\/uploads\/2019\/08\/f-1-900x506.jpg 900w, https:\/\/www.agriatv.hu\/wp-content\/uploads\/2019\/08\/f-1.jpg 1920w\" sizes=\"auto, (max-width: 155px) 100vw, 155px\" \/><\/figure><\/div>\n\n\n\n<p>T\u00f6meges halpusztul\u00e1s miatt kerest\u00e9k meg h\u00edr\u00fcgyn\u00f6ks\u00e9g\u00fcnket.<\/p>\n\n\n\n<p>T\u00f6bb ezer elpusztult, vagy verg\u0151d\u0151 halat sodor a v\u00edz az Eger-patakban. A m\u00e9g \u00e9l\u0151 egyedek szab\u00e1lyosan menek\u00fclnek a v\u00edzb\u0151l. A helysz\u00ednen l\u00e9v\u0151 hal\u0151r, illetve a horg\u00e1szok annyit tudtak lokaliz\u00e1lni, hogy Andornakt\u00e1ly\u00e1n, a V\u00f6r\u00f6smarty \u00e9s az Alkotm\u00e1ny utca k\u00f6z\u00f6tt \u00e9rte valahol szennyez\u00e9s patakot. Egyel\u0151re nem tudj\u00e1k, mi t\u00f6rt\u00e9nhetett.<\/p>\n\n\n\n<p>Felmer\u00fclt, hogy a k\u00f6rnyez\u0151 f\u00f6ldekr\u0151l \u00e9rkezett vegyszer a tegnapi nagy es\u0151z\u00e9s miatt.<\/p>\n\n\n\n<p>Az \u00e9szlel\u0151k \u00e9rtes\u00edtett\u00e9k a katasztr\u00f3fav\u00e9delem \u00e9s a szakhat\u00f3s\u00e1gok munkat\u00e1rsait. Vizsg\u00e1latot cs\u00fct\u00fcrt\u00f6kre \u00edg\u00e9rtek, de f\u00e9l\u0151, hogy id\u0151k\u00f6zben ak\u00e1r le is vonulhat a m\u00e9rgez\u00e9s. <\/p>\n\n\n\n<p>A patakba nem telep\u00edtenek halat, \u00edgy nem lehet tudni, mikor heveri ki a term\u00e9szet a pusztul\u00e1st.<\/p>\n\n\n\n<figure class=\"wp-block-embed-youtube wp-block-embed is-type-rich is-provider-youtube\"><div class=\"wp-block-embed__wrapper\">\n<blockquote class=\"embedly-card\" data-card-controls=\"1\" data-card-align=\"center\" data-card-theme=\"light\" data-card-key=\"bbb82e0305934450ba516e363ef455a7\"><h4><a href=\"https:\/\/youtu.be\/HOU1irm0Ofw\">190808hal nagytalya y<\/a><\/h4><p>Uploaded by Agria Tv Bt on 2019-08-07.<\/p><\/blockquote><script async src=\"\/\/cdn.embedly.com\/widgets\/platform.js\" charset=\"UTF-8\"><\/script>\n<\/div><\/figure>\n","protected":false},"excerpt":{"rendered":"<p>T\u00f6meges halpusztul\u00e1s miatt kerest\u00e9k meg h\u00edr\u00fcgyn\u00f6ks\u00e9g\u00fcnket.<\/p>\n<p>T\u00f6bb ezer elpusztult, vagy verg\u0151d\u0151 halat sodor a v\u00edz az Eger-patakban. A m\u00e9g \u00e9l\u0151 egyedek szab\u00e1lyosan menek\u00fclnek a v\u00edzb\u0151l. A helysz\u00ednen l\u00e9v\u0151 hal\u0151r, illetve a horg\u00e1szok annyit tudtak lokaliz\u00e1lni, hogy Andornakt\u00e1ly\u00e1n, a V\u00f6r\u00f6smarty \u00e9s az Alkotm\u00e1ny utca k\u00f6z\u00f6tt \u00e9rte valahol szennyez\u00e9s patakot. Egyel\u0151re nem tudj\u00e1k, mi t\u00f6rt\u00e9nhetett.<\/p>\n<p>Felmer\u00fclt, hogy a k\u00f6rnyez\u0151 [&#8230;]<\/p>\n","protected":false},"author":4,"featured_media":0,"comment_status":"open","ping_status":"closed","sticky":false,"template":"","format":"standard","meta":{"footnotes":""},"categories":[6,5],"tags":[414,1568,1425],"class_list":["post-20759","post","type-post","status-publish","format-standard","hentry","category-belfold","category-kek-hirek","tag-eger-patak","tag-hal","tag-pusztulas"],"_links":{"self":[{"href":"https:\/\/www.agriatv.hu\/index.php?rest_route=\/wp\/v2\/posts\/20759","targetHints":{"allow":["GET"]}}],"collection":[{"href":"https:\/\/www.agriatv.hu\/index.php?rest_route=\/wp\/v2\/posts"}],"about":[{"href":"https:\/\/www.agriatv.hu\/index.php?rest_route=\/wp\/v2\/types\/post"}],"author":[{"embeddable":true,"href":"https:\/\/www.agriatv.hu\/index.php?rest_route=\/wp\/v2\/users\/4"}],"replies":[{"embeddable":true,"href":"https:\/\/www.agriatv.hu\/index.php?rest_route=%2Fwp%2Fv2%2Fcomments&post=20759"}],"version-history":[{"count":2,"href":"https:\/\/www.agriatv.hu\/index.php?rest_route=\/wp\/v2\/posts\/20759\/revisions"}],"predecessor-version":[{"id":20762,"href":"https:\/\/www.agriatv.hu\/index.php?rest_route=\/wp\/v2\/posts\/20759\/revisions\/20762"}],"wp:attachment":[{"href":"https:\/\/www.agriatv.hu\/index.php?rest_route=%2Fwp%2Fv2%2Fmedia&parent=20759"}],"wp:term":[{"taxonomy":"category","embeddable":true,"href":"https:\/\/www.agriatv.hu\/index.php?rest_route=%2Fwp%2Fv2%2Fcategories&post=20759"},{"taxonomy":"post_tag","embeddable":true,"href":"https:\/\/www.agriatv.hu\/index.php?rest_route=%2Fwp%2Fv2%2Ftags&post=20759"}],"curies":[{"name":"wp","href":"https:\/\/api.w.org\/{rel}","templated":true}]}}