{"id":20793,"date":"2019-08-16T19:29:10","date_gmt":"2019-08-16T19:29:10","guid":{"rendered":"http:\/\/www.agriatv.hu\/?p=20793"},"modified":"2019-08-16T19:29:14","modified_gmt":"2019-08-16T19:29:14","slug":"telt-hazra-keszulnek-a-szallodak","status":"publish","type":"post","link":"https:\/\/www.agriatv.hu\/?p=20793","title":{"rendered":"Telt h\u00e1zra k\u00e9sz\u00fclnek a sz\u00e1llod\u00e1k"},"content":{"rendered":"\n<div class=\"wp-block-image\"><figure class=\"alignleft is-resized\"><img loading=\"lazy\" decoding=\"async\" src=\"https:\/\/www.agriatv.hu\/wp-content\/uploads\/2019\/08\/665920.325x183.jpg\" alt=\"\" class=\"wp-image-20794\" width=\"157\" height=\"88\" srcset=\"https:\/\/www.agriatv.hu\/wp-content\/uploads\/2019\/08\/665920.325x183.jpg 325w, https:\/\/www.agriatv.hu\/wp-content\/uploads\/2019\/08\/665920.325x183-300x169.jpg 300w, https:\/\/www.agriatv.hu\/wp-content\/uploads\/2019\/08\/665920.325x183-100x56.jpg 100w, https:\/\/www.agriatv.hu\/wp-content\/uploads\/2019\/08\/665920.325x183-150x84.jpg 150w, https:\/\/www.agriatv.hu\/wp-content\/uploads\/2019\/08\/665920.325x183-200x113.jpg 200w\" sizes=\"auto, (max-width: 157px) 100vw, 157px\" \/><\/figure><\/div>\n\n\n\n<p> Telt h\u00e1z van a sz\u00e1llod\u00e1kban, a legt\u00f6bb helyen m\u00e1r csak elv\u00e9tve lehet szabad szob\u00e1t tal\u00e1lni a hossz\u00fa h\u00e9tv\u00e9g\u00e9re. A k\u00f6vetkez\u0151 n\u00e9gy napban t\u00f6bb sz\u00e1z program k\u00f6z\u00fcl v\u00e1logathatnak a pihenni v\u00e1gy\u00f3k, indul\u00e1s el\u0151tt viszont \u00e9rdemes t\u00e1j\u00e9koz\u00f3dni, mert m\u00e1r most nagy a forgalom az utakon. <\/p>\n\n\n\n<figure><iframe loading=\"lazy\" allowfullscreen=\"yes\" width=\"640\" height=\"360\" src=\"\/\/tenyek.hu\/neoplayer\/tv2\/embed\/298880_telt-hazra-keszulnek-a-szallodak.html\"><\/iframe><\/figure>\n","protected":false},"excerpt":{"rendered":"<p> Telt h\u00e1z van a sz\u00e1llod\u00e1kban, a legt\u00f6bb helyen m\u00e1r csak elv\u00e9tve lehet szabad szob\u00e1t tal\u00e1lni a hossz\u00fa h\u00e9tv\u00e9g\u00e9re. A k\u00f6vetkez\u0151 n\u00e9gy napban t\u00f6bb sz\u00e1z program k\u00f6z\u00fcl v\u00e1logathatnak a pihenni v\u00e1gy\u00f3k, indul\u00e1s el\u0151tt viszont \u00e9rdemes t\u00e1j\u00e9koz\u00f3dni, mert m\u00e1r most nagy a forgalom az utakon. <\/p>\n","protected":false},"author":4,"featured_media":0,"comment_status":"open","ping_status":"closed","sticky":false,"template":"","format":"standard","meta":{"footnotes":""},"categories":[6,4],"tags":[2757,389,754],"class_list":["post-20793","post","type-post","status-publish","format-standard","hentry","category-belfold","category-szabadido","tag-hetvege","tag-program","tag-szalloda"],"_links":{"self":[{"href":"https:\/\/www.agriatv.hu\/index.php?rest_route=\/wp\/v2\/posts\/20793","targetHints":{"allow":["GET"]}}],"collection":[{"href":"https:\/\/www.agriatv.hu\/index.php?rest_route=\/wp\/v2\/posts"}],"about":[{"href":"https:\/\/www.agriatv.hu\/index.php?rest_route=\/wp\/v2\/types\/post"}],"author":[{"embeddable":true,"href":"https:\/\/www.agriatv.hu\/index.php?rest_route=\/wp\/v2\/users\/4"}],"replies":[{"embeddable":true,"href":"https:\/\/www.agriatv.hu\/index.php?rest_route=%2Fwp%2Fv2%2Fcomments&post=20793"}],"version-history":[{"count":1,"href":"https:\/\/www.agriatv.hu\/index.php?rest_route=\/wp\/v2\/posts\/20793\/revisions"}],"predecessor-version":[{"id":20795,"href":"https:\/\/www.agriatv.hu\/index.php?rest_route=\/wp\/v2\/posts\/20793\/revisions\/20795"}],"wp:attachment":[{"href":"https:\/\/www.agriatv.hu\/index.php?rest_route=%2Fwp%2Fv2%2Fmedia&parent=20793"}],"wp:term":[{"taxonomy":"category","embeddable":true,"href":"https:\/\/www.agriatv.hu\/index.php?rest_route=%2Fwp%2Fv2%2Fcategories&post=20793"},{"taxonomy":"post_tag","embeddable":true,"href":"https:\/\/www.agriatv.hu\/index.php?rest_route=%2Fwp%2Fv2%2Ftags&post=20793"}],"curies":[{"name":"wp","href":"https:\/\/api.w.org\/{rel}","templated":true}]}}