{"id":20834,"date":"2019-08-31T13:13:12","date_gmt":"2019-08-31T13:13:12","guid":{"rendered":"http:\/\/www.agriatv.hu\/?p=20834"},"modified":"2019-08-31T13:16:36","modified_gmt":"2019-08-31T13:16:36","slug":"macokfesztival-felnemeten","status":"publish","type":"post","link":"https:\/\/www.agriatv.hu\/?p=20834","title":{"rendered":"Macok fesztiv\u00e1l Feln\u00e9meten"},"content":{"rendered":"\n<div class=\"wp-block-image\"><figure class=\"alignleft is-resized\"><img loading=\"lazy\" decoding=\"async\" src=\"https:\/\/www.agriatv.hu\/wp-content\/uploads\/2019\/08\/f-4-1024x576.jpg\" alt=\"\" class=\"wp-image-20835\" width=\"172\" height=\"97\" srcset=\"https:\/\/www.agriatv.hu\/wp-content\/uploads\/2019\/08\/f-4-1024x576.jpg 1024w, https:\/\/www.agriatv.hu\/wp-content\/uploads\/2019\/08\/f-4-300x169.jpg 300w, https:\/\/www.agriatv.hu\/wp-content\/uploads\/2019\/08\/f-4-768x432.jpg 768w, https:\/\/www.agriatv.hu\/wp-content\/uploads\/2019\/08\/f-4-100x56.jpg 100w, https:\/\/www.agriatv.hu\/wp-content\/uploads\/2019\/08\/f-4-150x84.jpg 150w, https:\/\/www.agriatv.hu\/wp-content\/uploads\/2019\/08\/f-4-200x113.jpg 200w, https:\/\/www.agriatv.hu\/wp-content\/uploads\/2019\/08\/f-4-450x253.jpg 450w, https:\/\/www.agriatv.hu\/wp-content\/uploads\/2019\/08\/f-4-600x338.jpg 600w, https:\/\/www.agriatv.hu\/wp-content\/uploads\/2019\/08\/f-4-900x506.jpg 900w, https:\/\/www.agriatv.hu\/wp-content\/uploads\/2019\/08\/f-4.jpg 1920w\" sizes=\"auto, (max-width: 172px) 100vw, 172px\" \/><\/figure><\/div>\n\n\n\n<p>T\u00f6bb mint 100 kil\u00f3 krumpi felhaszn\u00e1l\u00e1s\u00e1val 11 csapat m\u00e9ri \u00f6ssze tud\u00e1s\u00e1t szombaton Feln\u00e9meten macok k\u00e9sz\u00edt\u00e9sben. A szervez\u0151k nem b\u00edztak semmit a v\u00e9letlenre: a t\u00f6kmacit\u00f3l a lev\u00e1ros macokon \u00e1t a macok-burgerig k\u00f3stolhatnak a vend\u00e9gek.<\/p>\n\n\n\n<p>Az ev\u00e9s-iv\u00e1st eg\u00e9sz nap programok sz\u00ednes\u00edtik, este aszfaltb\u00e1l v\u00e1rja a l\u00e1togat\u00f3kat.<\/p>\n\n\n\n<figure class=\"wp-block-embed-youtube wp-block-embed is-type-rich is-provider-youtube\"><div class=\"wp-block-embed__wrapper\">\n<blockquote class=\"embedly-card\" data-card-controls=\"1\" data-card-align=\"center\" data-card-theme=\"light\" data-card-key=\"bbb82e0305934450ba516e363ef455a7\"><h4><a href=\"https:\/\/youtu.be\/3ceGgu3jnRc\">190830macok felnemet y<\/a><\/h4><p>Uploaded by Agria Tv Bt on 2019-08-31.<\/p><\/blockquote><script async src=\"\/\/cdn.embedly.com\/widgets\/platform.js\" charset=\"UTF-8\"><\/script>\n<\/div><\/figure>\n","protected":false},"excerpt":{"rendered":"<p>T\u00f6bb mint 100 kil\u00f3 krumpi felhaszn\u00e1l\u00e1s\u00e1val 11 csapat m\u00e9ri \u00f6ssze tud\u00e1s\u00e1t szombaton Feln\u00e9meten macok k\u00e9sz\u00edt\u00e9sben. A szervez\u0151k nem b\u00edztak semmit a v\u00e9letlenre: a t\u00f6kmacit\u00f3l a lev\u00e1ros macokon \u00e1t a macok-burgerig k\u00f3stolhatnak a vend\u00e9gek.<\/p>\n<p>Az ev\u00e9s-iv\u00e1st eg\u00e9sz nap programok sz\u00ednes\u00edtik, este aszfaltb\u00e1l v\u00e1rja a l\u00e1togat\u00f3kat.<\/p>\n<p>190830macok felnemet yUploaded by Agria Tv Bt on 2019-08-31.<\/p>\n","protected":false},"author":4,"featured_media":0,"comment_status":"open","ping_status":"closed","sticky":false,"template":"","format":"standard","meta":{"footnotes":""},"categories":[6,4],"tags":[1583,1824,389],"class_list":["post-20834","post","type-post","status-publish","format-standard","hentry","category-belfold","category-szabadido","tag-felnemet","tag-macok","tag-program"],"_links":{"self":[{"href":"https:\/\/www.agriatv.hu\/index.php?rest_route=\/wp\/v2\/posts\/20834","targetHints":{"allow":["GET"]}}],"collection":[{"href":"https:\/\/www.agriatv.hu\/index.php?rest_route=\/wp\/v2\/posts"}],"about":[{"href":"https:\/\/www.agriatv.hu\/index.php?rest_route=\/wp\/v2\/types\/post"}],"author":[{"embeddable":true,"href":"https:\/\/www.agriatv.hu\/index.php?rest_route=\/wp\/v2\/users\/4"}],"replies":[{"embeddable":true,"href":"https:\/\/www.agriatv.hu\/index.php?rest_route=%2Fwp%2Fv2%2Fcomments&post=20834"}],"version-history":[{"count":3,"href":"https:\/\/www.agriatv.hu\/index.php?rest_route=\/wp\/v2\/posts\/20834\/revisions"}],"predecessor-version":[{"id":20838,"href":"https:\/\/www.agriatv.hu\/index.php?rest_route=\/wp\/v2\/posts\/20834\/revisions\/20838"}],"wp:attachment":[{"href":"https:\/\/www.agriatv.hu\/index.php?rest_route=%2Fwp%2Fv2%2Fmedia&parent=20834"}],"wp:term":[{"taxonomy":"category","embeddable":true,"href":"https:\/\/www.agriatv.hu\/index.php?rest_route=%2Fwp%2Fv2%2Fcategories&post=20834"},{"taxonomy":"post_tag","embeddable":true,"href":"https:\/\/www.agriatv.hu\/index.php?rest_route=%2Fwp%2Fv2%2Ftags&post=20834"}],"curies":[{"name":"wp","href":"https:\/\/api.w.org\/{rel}","templated":true}]}}