{"id":21096,"date":"2019-11-05T23:25:33","date_gmt":"2019-11-05T23:25:33","guid":{"rendered":"http:\/\/www.agriatv.hu\/?p=21096"},"modified":"2019-11-05T23:25:34","modified_gmt":"2019-11-05T23:25:34","slug":"figyelmeztetes-az-eso-miatt","status":"publish","type":"post","link":"https:\/\/www.agriatv.hu\/?p=21096","title":{"rendered":"Figyelmeztet\u00e9s az es\u0151 miatt"},"content":{"rendered":"\n<div class=\"wp-block-image\"><figure class=\"alignleft is-resized\"><img loading=\"lazy\" decoding=\"async\" src=\"https:\/\/www.agriatv.hu\/wp-content\/uploads\/2019\/11\/686299.325x183.jpg\" alt=\"\" class=\"wp-image-21097\" width=\"196\" height=\"110\" srcset=\"https:\/\/www.agriatv.hu\/wp-content\/uploads\/2019\/11\/686299.325x183.jpg 325w, https:\/\/www.agriatv.hu\/wp-content\/uploads\/2019\/11\/686299.325x183-300x169.jpg 300w\" sizes=\"auto, (max-width: 196px) 100vw, 196px\" \/><\/figure><\/div>\n\n\n\n<p> Volt, ahol 20 fok volt kedden, \u00e1m t\u00f6bb megy\u00e9re is els\u0151- \u00e9s m\u00e1sodfok\u00fa riaszt\u00e1st adott ki keddre az Orsz\u00e1gos Meteorol\u00f3giai Szolg\u00e1lat az es\u0151 miatt. Szinte kett\u00e9szakadt az orsz\u00e1g, \u00e9szakon es\u0151s, bor\u00fas id\u0151 volt, r\u00e1ad\u00e1sul mivel hidegfront \u00e9rkezett, \u00edgy a leveg\u0151 is leh\u0171lt. \u00c1m ez m\u00e1r nem tart sok\u00e1ig, szerd\u00e1ra melegfront \u00e9rkezik. <\/p>\n\n\n\n<figure><iframe loading=\"lazy\" allowfullscreen=\"yes\" width=\"640\" height=\"360\" src=\"\/\/tenyek.hu\/neoplayer\/tv2\/embed\/310049_figyelmeztetes-az-eso-miatt.html\"><\/iframe><\/figure>\n","protected":false},"excerpt":{"rendered":"<p> Volt, ahol 20 fok volt kedden, \u00e1m t\u00f6bb megy\u00e9re is els\u0151- \u00e9s m\u00e1sodfok\u00fa riaszt\u00e1st adott ki keddre az Orsz\u00e1gos Meteorol\u00f3giai Szolg\u00e1lat az es\u0151 miatt. Szinte kett\u00e9szakadt az orsz\u00e1g, \u00e9szakon es\u0151s, bor\u00fas id\u0151 volt, r\u00e1ad\u00e1sul mivel hidegfront \u00e9rkezett, \u00edgy a leveg\u0151 is leh\u0171lt. \u00c1m ez m\u00e1r nem tart sok\u00e1ig, szerd\u00e1ra melegfront \u00e9rkezik. <\/p>\n","protected":false},"author":4,"featured_media":0,"comment_status":"open","ping_status":"closed","sticky":false,"template":"","format":"standard","meta":{"footnotes":""},"categories":[6,4],"tags":[1215,899],"class_list":["post-21096","post","type-post","status-publish","format-standard","hentry","category-belfold","category-szabadido","tag-eso","tag-idojaras"],"_links":{"self":[{"href":"https:\/\/www.agriatv.hu\/index.php?rest_route=\/wp\/v2\/posts\/21096","targetHints":{"allow":["GET"]}}],"collection":[{"href":"https:\/\/www.agriatv.hu\/index.php?rest_route=\/wp\/v2\/posts"}],"about":[{"href":"https:\/\/www.agriatv.hu\/index.php?rest_route=\/wp\/v2\/types\/post"}],"author":[{"embeddable":true,"href":"https:\/\/www.agriatv.hu\/index.php?rest_route=\/wp\/v2\/users\/4"}],"replies":[{"embeddable":true,"href":"https:\/\/www.agriatv.hu\/index.php?rest_route=%2Fwp%2Fv2%2Fcomments&post=21096"}],"version-history":[{"count":1,"href":"https:\/\/www.agriatv.hu\/index.php?rest_route=\/wp\/v2\/posts\/21096\/revisions"}],"predecessor-version":[{"id":21098,"href":"https:\/\/www.agriatv.hu\/index.php?rest_route=\/wp\/v2\/posts\/21096\/revisions\/21098"}],"wp:attachment":[{"href":"https:\/\/www.agriatv.hu\/index.php?rest_route=%2Fwp%2Fv2%2Fmedia&parent=21096"}],"wp:term":[{"taxonomy":"category","embeddable":true,"href":"https:\/\/www.agriatv.hu\/index.php?rest_route=%2Fwp%2Fv2%2Fcategories&post=21096"},{"taxonomy":"post_tag","embeddable":true,"href":"https:\/\/www.agriatv.hu\/index.php?rest_route=%2Fwp%2Fv2%2Ftags&post=21096"}],"curies":[{"name":"wp","href":"https:\/\/api.w.org\/{rel}","templated":true}]}}