{"id":21124,"date":"2019-11-17T18:44:57","date_gmt":"2019-11-17T18:44:57","guid":{"rendered":"http:\/\/www.agriatv.hu\/?p=21124"},"modified":"2019-11-17T18:45:00","modified_gmt":"2019-11-17T18:45:00","slug":"perceken-mulhatott-az-elete","status":"publish","type":"post","link":"https:\/\/www.agriatv.hu\/?p=21124","title":{"rendered":"Perceken m\u00falhatott az \u00e9lete"},"content":{"rendered":"\n<div class=\"wp-block-image\"><figure class=\"alignleft size-large is-resized\"><img loading=\"lazy\" decoding=\"async\" src=\"https:\/\/www.agriatv.hu\/wp-content\/uploads\/2019\/11\/688839.325x183.jpg\" alt=\"\" class=\"wp-image-21125\" width=\"179\" height=\"101\" srcset=\"https:\/\/www.agriatv.hu\/wp-content\/uploads\/2019\/11\/688839.325x183.jpg 325w, https:\/\/www.agriatv.hu\/wp-content\/uploads\/2019\/11\/688839.325x183-300x169.jpg 300w\" sizes=\"auto, (max-width: 179px) 100vw, 179px\" \/><\/figure><\/div>\n\n\n\n<p> A f\u00f6ld\u00f6n fekve, \u00e9tlen, szomjan v\u00e1rta a seg\u00edts\u00e9get egy 60 \u00e9v k\u00f6r\u00fcli f\u00e9rfi, aki m\u00e1r t\u00f6bb mint egy hete \u00f6sszeesett az otthon\u00e1ban Egercsehiben. Senkinek sem hi\u00e1nyzott. A szomsz\u00e9doknak, de m\u00e9g a bar\u00e1tainak sem t\u0171nt fel, hogy valami baja lehet. V\u00e9g\u00fcl a polg\u00e1r\u0151r\u00f6k kezdt\u00e9k keresni. Sz\u00f6rny\u0171 \u00e1llapotban tal\u00e1ltak r\u00e1, \u00fagy tudjuk az egyik l\u00e1b\u00e1t amput\u00e1lni is kellett. <\/p>\n\n\n\n<iframe loading=\"lazy\" allowfullscreen=\"yes\" width=\"640\" height=\"360\" src=\"\/\/tenyek.hu\/neoplayer\/tv2\/embed\/311597_perceken-mulhatott-az-elete.html\" frameborder=\"0\" scrolling=\"no\"><\/iframe>\n","protected":false},"excerpt":{"rendered":"<p> A f\u00f6ld\u00f6n fekve, \u00e9tlen, szomjan v\u00e1rta a seg\u00edts\u00e9get egy 60 \u00e9v k\u00f6r\u00fcli f\u00e9rfi, aki m\u00e1r t\u00f6bb mint egy hete \u00f6sszeesett az otthon\u00e1ban Egercsehiben. Senkinek sem hi\u00e1nyzott. A szomsz\u00e9doknak, de m\u00e9g a bar\u00e1tainak sem t\u0171nt fel, hogy valami baja lehet. V\u00e9g\u00fcl a polg\u00e1r\u0151r\u00f6k kezdt\u00e9k keresni. Sz\u00f6rny\u0171 \u00e1llapotban tal\u00e1ltak r\u00e1, \u00fagy tudjuk az egyik l\u00e1b\u00e1t amput\u00e1lni [&#8230;]<\/p>\n","protected":false},"author":4,"featured_media":0,"comment_status":"open","ping_status":"closed","sticky":false,"template":"","format":"standard","meta":{"footnotes":""},"categories":[5],"tags":[1279,1596,278],"class_list":["post-21124","post","type-post","status-publish","format-standard","hentry","category-kek-hirek","tag-beteg","tag-egercsehi","tag-polgaror"],"_links":{"self":[{"href":"https:\/\/www.agriatv.hu\/index.php?rest_route=\/wp\/v2\/posts\/21124","targetHints":{"allow":["GET"]}}],"collection":[{"href":"https:\/\/www.agriatv.hu\/index.php?rest_route=\/wp\/v2\/posts"}],"about":[{"href":"https:\/\/www.agriatv.hu\/index.php?rest_route=\/wp\/v2\/types\/post"}],"author":[{"embeddable":true,"href":"https:\/\/www.agriatv.hu\/index.php?rest_route=\/wp\/v2\/users\/4"}],"replies":[{"embeddable":true,"href":"https:\/\/www.agriatv.hu\/index.php?rest_route=%2Fwp%2Fv2%2Fcomments&post=21124"}],"version-history":[{"count":1,"href":"https:\/\/www.agriatv.hu\/index.php?rest_route=\/wp\/v2\/posts\/21124\/revisions"}],"predecessor-version":[{"id":21126,"href":"https:\/\/www.agriatv.hu\/index.php?rest_route=\/wp\/v2\/posts\/21124\/revisions\/21126"}],"wp:attachment":[{"href":"https:\/\/www.agriatv.hu\/index.php?rest_route=%2Fwp%2Fv2%2Fmedia&parent=21124"}],"wp:term":[{"taxonomy":"category","embeddable":true,"href":"https:\/\/www.agriatv.hu\/index.php?rest_route=%2Fwp%2Fv2%2Fcategories&post=21124"},{"taxonomy":"post_tag","embeddable":true,"href":"https:\/\/www.agriatv.hu\/index.php?rest_route=%2Fwp%2Fv2%2Ftags&post=21124"}],"curies":[{"name":"wp","href":"https:\/\/api.w.org\/{rel}","templated":true}]}}