{"id":21127,"date":"2019-11-17T18:51:03","date_gmt":"2019-11-17T18:51:03","guid":{"rendered":"http:\/\/www.agriatv.hu\/?p=21127"},"modified":"2019-11-17T18:51:04","modified_gmt":"2019-11-17T18:51:04","slug":"labasban-rakott-tuzet-leegett-a-haz","status":"publish","type":"post","link":"https:\/\/www.agriatv.hu\/?p=21127","title":{"rendered":"L\u00e1basban rakott t\u00fczet, le\u00e9gett a h\u00e1z"},"content":{"rendered":"\n<div class=\"wp-block-image\"><figure class=\"alignleft size-large is-resized\"><img loading=\"lazy\" decoding=\"async\" src=\"https:\/\/www.agriatv.hu\/wp-content\/uploads\/2019\/11\/688831.325x183.jpg\" alt=\"\" class=\"wp-image-21128\" width=\"210\" height=\"118\" srcset=\"https:\/\/www.agriatv.hu\/wp-content\/uploads\/2019\/11\/688831.325x183.jpg 325w, https:\/\/www.agriatv.hu\/wp-content\/uploads\/2019\/11\/688831.325x183-300x169.jpg 300w\" sizes=\"auto, (max-width: 210px) 100vw, 210px\" \/><\/figure><\/div>\n\n\n\n<p> Egy faz\u00e9kban rakott t\u00fczet az egyik lak\u00f3, ez\u00e9rt gyulladt ki egy h\u00e1romlak\u00e1sos t\u00e1rsash\u00e1z Egerben. Az \u00e9p\u00fcletben 12 voltak, amikor felcsaptak a l\u00e1ngok, ugyanis az egyik csal\u00e1d \u00e9ppen keresztel\u0151t \u00fcnnepelt, sokan ott aludtak. Hajnalban azt\u00e1n arra \u00e9bredtek, hogy \u00e9g a h\u00e1z,12 embernek kellett menek\u00fclni. Az ott \u00e9l\u0151k azt mondj\u00e1k, m\u00e1r t\u00f6bbsz\u00f6r figyelmeztett\u00e9k a szomsz\u00e9dot, hogy ne rakjon t\u0171zet a l\u00e1basba, de hi\u00e1ba. <\/p>\n\n\n\n<iframe loading=\"lazy\" allowfullscreen=\"yes\" width=\"640\" height=\"360\" src=\"\/\/tenyek.hu\/neoplayer\/tv2\/embed\/311589_labasban-rakott-tuzet-leegett-a-.html\" frameborder=\"0\" scrolling=\"no\"><\/iframe>\n","protected":false},"excerpt":{"rendered":"<p> Egy faz\u00e9kban rakott t\u00fczet az egyik lak\u00f3, ez\u00e9rt gyulladt ki egy h\u00e1romlak\u00e1sos t\u00e1rsash\u00e1z Egerben. Az \u00e9p\u00fcletben 12 voltak, amikor felcsaptak a l\u00e1ngok, ugyanis az egyik csal\u00e1d \u00e9ppen keresztel\u0151t \u00fcnnepelt, sokan ott aludtak. Hajnalban azt\u00e1n arra \u00e9bredtek, hogy \u00e9g a h\u00e1z,12 embernek kellett menek\u00fclni. Az ott \u00e9l\u0151k azt mondj\u00e1k, m\u00e1r t\u00f6bbsz\u00f6r figyelmeztett\u00e9k a szomsz\u00e9dot, hogy [&#8230;]<\/p>\n","protected":false},"author":4,"featured_media":0,"comment_status":"open","ping_status":"closed","sticky":false,"template":"","format":"standard","meta":{"footnotes":""},"categories":[5],"tags":[36,1452,1342,484,161],"class_list":["post-21127","post","type-post","status-publish","format-standard","hentry","category-kek-hirek","tag-eger","tag-haz","tag-lang","tag-tuz","tag-tuzolto"],"_links":{"self":[{"href":"https:\/\/www.agriatv.hu\/index.php?rest_route=\/wp\/v2\/posts\/21127","targetHints":{"allow":["GET"]}}],"collection":[{"href":"https:\/\/www.agriatv.hu\/index.php?rest_route=\/wp\/v2\/posts"}],"about":[{"href":"https:\/\/www.agriatv.hu\/index.php?rest_route=\/wp\/v2\/types\/post"}],"author":[{"embeddable":true,"href":"https:\/\/www.agriatv.hu\/index.php?rest_route=\/wp\/v2\/users\/4"}],"replies":[{"embeddable":true,"href":"https:\/\/www.agriatv.hu\/index.php?rest_route=%2Fwp%2Fv2%2Fcomments&post=21127"}],"version-history":[{"count":1,"href":"https:\/\/www.agriatv.hu\/index.php?rest_route=\/wp\/v2\/posts\/21127\/revisions"}],"predecessor-version":[{"id":21129,"href":"https:\/\/www.agriatv.hu\/index.php?rest_route=\/wp\/v2\/posts\/21127\/revisions\/21129"}],"wp:attachment":[{"href":"https:\/\/www.agriatv.hu\/index.php?rest_route=%2Fwp%2Fv2%2Fmedia&parent=21127"}],"wp:term":[{"taxonomy":"category","embeddable":true,"href":"https:\/\/www.agriatv.hu\/index.php?rest_route=%2Fwp%2Fv2%2Fcategories&post=21127"},{"taxonomy":"post_tag","embeddable":true,"href":"https:\/\/www.agriatv.hu\/index.php?rest_route=%2Fwp%2Fv2%2Ftags&post=21127"}],"curies":[{"name":"wp","href":"https:\/\/api.w.org\/{rel}","templated":true}]}}