{"id":21141,"date":"2019-11-28T16:13:55","date_gmt":"2019-11-28T16:13:55","guid":{"rendered":"http:\/\/www.agriatv.hu\/?p=21141"},"modified":"2019-11-28T21:09:45","modified_gmt":"2019-11-28T21:09:45","slug":"video-majdnem-mint-a-horrorfilmekben","status":"publish","type":"post","link":"https:\/\/www.agriatv.hu\/?p=21141","title":{"rendered":"Vide\u00f3: majdnem, mint a horrorfilmekben"},"content":{"rendered":"\n<div class=\"wp-block-image\"><figure class=\"alignleft size-large is-resized\"><img loading=\"lazy\" decoding=\"async\" src=\"https:\/\/www.agriatv.hu\/wp-content\/uploads\/2019\/11\/f-4-1024x576.jpg\" alt=\"\" class=\"wp-image-21142\" width=\"222\" height=\"125\" srcset=\"https:\/\/www.agriatv.hu\/wp-content\/uploads\/2019\/11\/f-4-1024x576.jpg 1024w, https:\/\/www.agriatv.hu\/wp-content\/uploads\/2019\/11\/f-4-300x169.jpg 300w, https:\/\/www.agriatv.hu\/wp-content\/uploads\/2019\/11\/f-4-768x432.jpg 768w, https:\/\/www.agriatv.hu\/wp-content\/uploads\/2019\/11\/f-4-1536x864.jpg 1536w, https:\/\/www.agriatv.hu\/wp-content\/uploads\/2019\/11\/f-4.jpg 1920w\" sizes=\"auto, (max-width: 222px) 100vw, 222px\" \/><\/figure><\/div>\n\n\n\n<p> Eddig tiszt\u00e1zatlan k\u00f6r\u00fclm\u00e9nyek k\u00f6z\u00f6tt a z\u00e1r\u00f3vonal ellen\u00e9re \u00e1tt\u00e9rt a szemk\u00f6zti s\u00e1vba egy kisteheraut\u00f3 \u00e9s front\u00e1lisan \u00fctk\u00f6z\u00f6tt a k\u00fcls\u0151 s\u00e1vban egy Toyot\u00e1val Gy\u00f6ngy\u00f6s hat\u00e1r\u00e1ban. <\/p>\n\n\n\n<p>\u00dagy tudjuk, a kisteher Ludas fel\u0151l haladt Gy\u00f6ngy\u00f6s fel\u00e9. \u00c1ll\u00edt\u00f3lag a kocsi el\u0151tt f\u00e9kezett agy teheraut\u00f3, a vezet\u0151 elr\u00e1ntotta a korm\u00e1nyt \u00e9s a a felfel\u00e9 halad\u00f3  2 s\u00e1vb\u00f3l a k\u00fcls\u0151ben front\u00e1lisan \u00f6ssze\u00fctk\u00f6z\u00f6tt egy szab\u00e1lyosan halad\u00f3 Toyot\u00e1val.<\/p>\n\n\n\n<p> A kisteheraut\u00f3n vastag kaz\u00e1nlemezeket sz\u00e1ll\u00edtottak &#8211; inform\u00e1ci\u00f3nk szerint &#8211; r\u00f6gz\u00edt\u00e9s n\u00e9lk\u00fcl. A Rakom\u00e1ny az \u00fctk\u00f6z\u00e9s k\u00f6vetkezt\u00e9ben el\u0151re cs\u00faszott. Az egyik ilyen lemez szab\u00e1lyosan \u00e1tv\u00e1gta az utasf\u00fclk\u00e9t, az egyik \u00fcl\u00e9s \u00e1ll\u00edtotta meg. Szerencs\u00e9re ott \u00e9pp nem \u00fclt senki.<\/p>\n\n\n\n<p>A baleset k\u00f6vetkezt\u00e9ben 3 s\u00e9r\u00fcltet sz\u00e1ll\u00edtottak k\u00f3rh\u00e1zba.  <\/p>\n\n\n\n<figure class=\"wp-block-embed-youtube wp-block-embed is-type-rich is-provider-youtube\"><div class=\"wp-block-embed__wrapper\">\n<blockquote class=\"embedly-card\" data-card-controls=\"1\" data-card-align=\"center\" data-card-theme=\"light\" data-card-key=\"bbb82e0305934450ba516e363ef455a7\"><h4><a href=\"https:\/\/youtu.be\/OY8dOeFuo6k\">191128baleset gyongyos y<\/a><\/h4><p>Eddig tiszt\u00e1zatlan k\u00f6r\u00fclm\u00e9nyek k\u00f6z\u00f6tt a z\u00e1r\u00f3vonal ellen\u00e9re \u00e1tt\u00e9rt a szemk\u00f6zti s\u00e1vba egy kisteheraut\u00f3 \u00e9s front\u00e1lisan \u00fctk\u00f6z\u00f6tt a k\u00fcls\u0151 s\u00e1vban egy Toyot\u00e1val Gy\u00f6ngy\u00f6s hat\u00e1r\u00e1ban.<\/p><\/blockquote><script async src=\"\/\/cdn.embedly.com\/widgets\/platform.js\" charset=\"UTF-8\"><\/script>\n<\/div><\/figure>\n","protected":false},"excerpt":{"rendered":"<p> Eddig tiszt\u00e1zatlan k\u00f6r\u00fclm\u00e9nyek k\u00f6z\u00f6tt a z\u00e1r\u00f3vonal ellen\u00e9re \u00e1tt\u00e9rt a szemk\u00f6zti s\u00e1vba egy kisteheraut\u00f3 \u00e9s front\u00e1lisan \u00fctk\u00f6z\u00f6tt a k\u00fcls\u0151 s\u00e1vban egy Toyot\u00e1val Gy\u00f6ngy\u00f6s hat\u00e1r\u00e1ban. <\/p>\n<p>\u00dagy tudjuk, a kisteher Ludas fel\u0151l haladt Gy\u00f6ngy\u00f6s fel\u00e9. \u00c1ll\u00edt\u00f3lag a kocsi el\u0151tt f\u00e9kezett agy teheraut\u00f3, a vezet\u0151 elr\u00e1ntotta a korm\u00e1nyt \u00e9s a a felfel\u00e9 halad\u00f3  2 s\u00e1vb\u00f3l a k\u00fcls\u0151ben [&#8230;]<\/p>\n","protected":false},"author":4,"featured_media":0,"comment_status":"open","ping_status":"closed","sticky":false,"template":"","format":"standard","meta":{"footnotes":""},"categories":[5],"tags":[41,235,3387,122],"class_list":["post-21141","post","type-post","status-publish","format-standard","hentry","category-kek-hirek","tag-baleset","tag-gyongyos","tag-lemez","tag-rendorseg"],"_links":{"self":[{"href":"https:\/\/www.agriatv.hu\/index.php?rest_route=\/wp\/v2\/posts\/21141","targetHints":{"allow":["GET"]}}],"collection":[{"href":"https:\/\/www.agriatv.hu\/index.php?rest_route=\/wp\/v2\/posts"}],"about":[{"href":"https:\/\/www.agriatv.hu\/index.php?rest_route=\/wp\/v2\/types\/post"}],"author":[{"embeddable":true,"href":"https:\/\/www.agriatv.hu\/index.php?rest_route=\/wp\/v2\/users\/4"}],"replies":[{"embeddable":true,"href":"https:\/\/www.agriatv.hu\/index.php?rest_route=%2Fwp%2Fv2%2Fcomments&post=21141"}],"version-history":[{"count":2,"href":"https:\/\/www.agriatv.hu\/index.php?rest_route=\/wp\/v2\/posts\/21141\/revisions"}],"predecessor-version":[{"id":21144,"href":"https:\/\/www.agriatv.hu\/index.php?rest_route=\/wp\/v2\/posts\/21141\/revisions\/21144"}],"wp:attachment":[{"href":"https:\/\/www.agriatv.hu\/index.php?rest_route=%2Fwp%2Fv2%2Fmedia&parent=21141"}],"wp:term":[{"taxonomy":"category","embeddable":true,"href":"https:\/\/www.agriatv.hu\/index.php?rest_route=%2Fwp%2Fv2%2Fcategories&post=21141"},{"taxonomy":"post_tag","embeddable":true,"href":"https:\/\/www.agriatv.hu\/index.php?rest_route=%2Fwp%2Fv2%2Ftags&post=21141"}],"curies":[{"name":"wp","href":"https:\/\/api.w.org\/{rel}","templated":true}]}}