{"id":21145,"date":"2019-11-28T21:16:44","date_gmt":"2019-11-28T21:16:44","guid":{"rendered":"http:\/\/www.agriatv.hu\/?p=21145"},"modified":"2019-11-28T21:23:45","modified_gmt":"2019-11-28T21:23:45","slug":"anya-es-gyermekei-baleseteztek","status":"publish","type":"post","link":"https:\/\/www.agriatv.hu\/?p=21145","title":{"rendered":"Vide\u00f3: anya \u00e9s gyermekei baleseteztek"},"content":{"rendered":"\n<div class=\"wp-block-image\"><figure class=\"alignleft size-large is-resized\"><img loading=\"lazy\" decoding=\"async\" src=\"https:\/\/www.agriatv.hu\/wp-content\/uploads\/2019\/11\/f-5-1024x576.jpg\" alt=\"\" class=\"wp-image-21146\" width=\"122\" height=\"68\" srcset=\"https:\/\/www.agriatv.hu\/wp-content\/uploads\/2019\/11\/f-5-1024x576.jpg 1024w, https:\/\/www.agriatv.hu\/wp-content\/uploads\/2019\/11\/f-5-300x169.jpg 300w, https:\/\/www.agriatv.hu\/wp-content\/uploads\/2019\/11\/f-5-768x432.jpg 768w, https:\/\/www.agriatv.hu\/wp-content\/uploads\/2019\/11\/f-5-1536x864.jpg 1536w, https:\/\/www.agriatv.hu\/wp-content\/uploads\/2019\/11\/f-5.jpg 1920w\" sizes=\"auto, (max-width: 122px) 100vw, 122px\" \/><\/figure><\/div>\n\n\n\n<p><strong> Front\u00e1lisan \u00fctk\u00f6z\u00f6tt egy Suzuki \u00e9s egy mikrobusz Ad\u00e1cs k\u00f6zel\u00e9ben.<\/strong><\/p>\n\n\n\n<p>Egy anya \u00e9s k\u00e9t gyermeke utazott Gy\u00f6ngy\u00f6s ir\u00e1ny\u00e1ba egy Suzukival, amikor a kocsi egy enyhe jobbos kanyarban megp\u00f6rd\u00fclt \u00e9s egy szemb\u0151l szab\u00e1lyosan k\u00f6zleked\u0151 Peugeot mikrobusznak front\u00e1lisan \u00fctk\u00f6z\u00f6tt. A Suzuki 3 utas\u00e1t k\u00f3rh\u00e1zba sz\u00e1ll\u00edtott\u00e1k. \u00dagy tudjuk, a m\u00e1sik kocsiban csak a vezet\u0151 \u00fclt, \u0151 nem s\u00e9r\u00fclt meg.<\/p>\n\n\n\n<p>A nedves \u00fatra nagy mennyis\u00e9g\u0171 olaj \u00e9s \u00fczemanyag folyt ki, a s\u00edkoss\u00e1got a K\u00f6z\u00fat szakemberei megsz\u00fcntett\u00e9k a baleset helysz\u00edn\u00e9n.<\/p>\n\n\n\n<p>Teljes \u00fatz\u00e1r mellett helysz\u00edneltek. <\/p>\n\n\n\n<figure class=\"wp-block-embed-youtube wp-block-embed is-type-rich is-provider-youtube\"><div class=\"wp-block-embed__wrapper\">\n<blockquote class=\"embedly-card\" data-card-controls=\"1\" data-card-align=\"center\" data-card-theme=\"light\" data-card-key=\"bbb82e0305934450ba516e363ef455a7\"><h4><a href=\"https:\/\/youtu.be\/EyTrc1pjzeg\">191128frontalis adacs y<\/a><\/h4><p>Egy anya \u00e9s k\u00e9t gyermeke utazott abban a kocsiban, amelyik front\u00e1lisan \u00fctk\u00f6z\u00f6tt.<\/p><\/blockquote><script async src=\"\/\/cdn.embedly.com\/widgets\/platform.js\" charset=\"UTF-8\"><\/script>\n<\/div><\/figure>\n","protected":false},"excerpt":{"rendered":"<p> Front\u00e1lisan \u00fctk\u00f6z\u00f6tt egy Suzuki \u00e9s egy mikrobusz Ad\u00e1cs k\u00f6zel\u00e9ben.<\/p>\n<p>Egy anya \u00e9s k\u00e9t gyermeke utazott Gy\u00f6ngy\u00f6s ir\u00e1ny\u00e1ba egy Suzukival, amikor a kocsi egy enyhe jobbos kanyarban megp\u00f6rd\u00fclt \u00e9s egy szemb\u0151l szab\u00e1lyosan k\u00f6zleked\u0151 Peugeot mikrobusznak front\u00e1lisan \u00fctk\u00f6z\u00f6tt. A Suzuki 3 utas\u00e1t k\u00f3rh\u00e1zba sz\u00e1ll\u00edtott\u00e1k. \u00dagy tudjuk, a m\u00e1sik kocsiban csak a vezet\u0151 \u00fclt, \u0151 nem s\u00e9r\u00fclt meg.<\/p>\n<p>A [&#8230;]<\/p>\n","protected":false},"author":4,"featured_media":0,"comment_status":"open","ping_status":"closed","sticky":false,"template":"","format":"standard","meta":{"footnotes":""},"categories":[5],"tags":[1757,41,320,458],"class_list":["post-21145","post","type-post","status-publish","format-standard","hentry","category-kek-hirek","tag-adacs","tag-baleset","tag-gyermek","tag-serult"],"_links":{"self":[{"href":"https:\/\/www.agriatv.hu\/index.php?rest_route=\/wp\/v2\/posts\/21145","targetHints":{"allow":["GET"]}}],"collection":[{"href":"https:\/\/www.agriatv.hu\/index.php?rest_route=\/wp\/v2\/posts"}],"about":[{"href":"https:\/\/www.agriatv.hu\/index.php?rest_route=\/wp\/v2\/types\/post"}],"author":[{"embeddable":true,"href":"https:\/\/www.agriatv.hu\/index.php?rest_route=\/wp\/v2\/users\/4"}],"replies":[{"embeddable":true,"href":"https:\/\/www.agriatv.hu\/index.php?rest_route=%2Fwp%2Fv2%2Fcomments&post=21145"}],"version-history":[{"count":2,"href":"https:\/\/www.agriatv.hu\/index.php?rest_route=\/wp\/v2\/posts\/21145\/revisions"}],"predecessor-version":[{"id":21148,"href":"https:\/\/www.agriatv.hu\/index.php?rest_route=\/wp\/v2\/posts\/21145\/revisions\/21148"}],"wp:attachment":[{"href":"https:\/\/www.agriatv.hu\/index.php?rest_route=%2Fwp%2Fv2%2Fmedia&parent=21145"}],"wp:term":[{"taxonomy":"category","embeddable":true,"href":"https:\/\/www.agriatv.hu\/index.php?rest_route=%2Fwp%2Fv2%2Fcategories&post=21145"},{"taxonomy":"post_tag","embeddable":true,"href":"https:\/\/www.agriatv.hu\/index.php?rest_route=%2Fwp%2Fv2%2Ftags&post=21145"}],"curies":[{"name":"wp","href":"https:\/\/api.w.org\/{rel}","templated":true}]}}