{"id":21155,"date":"2019-11-30T18:21:22","date_gmt":"2019-11-30T18:21:22","guid":{"rendered":"http:\/\/www.agriatv.hu\/?p=21155"},"modified":"2019-11-30T18:21:22","modified_gmt":"2019-11-30T18:21:22","slug":"sopronban-esett-a-ho-itt-a-tel","status":"publish","type":"post","link":"https:\/\/www.agriatv.hu\/?p=21155","title":{"rendered":"Sopronban esett a h\u00f3, itt a t\u00e9l"},"content":{"rendered":"\n<div class=\"wp-block-image\"><figure class=\"alignleft size-large is-resized\"><img loading=\"lazy\" decoding=\"async\" src=\"https:\/\/www.agriatv.hu\/wp-content\/uploads\/2019\/11\/691226.325x183.jpg\" alt=\"\" class=\"wp-image-21156\" width=\"180\" height=\"101\" srcset=\"https:\/\/www.agriatv.hu\/wp-content\/uploads\/2019\/11\/691226.325x183.jpg 325w, https:\/\/www.agriatv.hu\/wp-content\/uploads\/2019\/11\/691226.325x183-300x169.jpg 300w\" sizes=\"auto, (max-width: 180px) 100vw, 180px\" \/><\/figure><\/div>\n\n\n\n<p> Havazott Sopronban, meg\u00e9rkezett teh\u00e1t az orsz\u00e1gba a t\u00e9l. Vas\u00e1rnapt\u00f3l pedig m\u00e1r bek\u00f6sz\u00f6nt a fagyos, szinte sarkvid\u00e9ki id\u0151, s\u0151t h\u00e9tf\u0151n m\u00e1r tart\u00f3s havaz\u00e1sra lehet sz\u00e1m\u00edtani. Az \u00e9szaki helyeken t\u00f6bb centim\u00e9teres h\u00f3 eshet, amit a legjobban a gyerekek v\u00e1rnak. Az el\u0151rejelz\u00e9sek szerint a h\u00f3 megmaradhat, viszont m\u00ednusz 10 fokn\u00e1l is hidegebb lehet. Ma volt az utols\u00f3 \u0151szi nap, amit az eg\u00e9sz orsz\u00e1gban kihaszn\u00e1ltak. <\/p>\n\n\n\n<iframe loading=\"lazy\" allowfullscreen=\"yes\" width=\"640\" height=\"360\" src=\"\/\/tenyek.hu\/neoplayer\/tv2\/embed\/313060_sopronban-esett-a-ho-itt-a-tel.html\" frameborder=\"0\" scrolling=\"no\"><\/iframe>\n","protected":false},"excerpt":{"rendered":"<p> Havazott Sopronban, meg\u00e9rkezett teh\u00e1t az orsz\u00e1gba a t\u00e9l. Vas\u00e1rnapt\u00f3l pedig m\u00e1r bek\u00f6sz\u00f6nt a fagyos, szinte sarkvid\u00e9ki id\u0151, s\u0151t h\u00e9tf\u0151n m\u00e1r tart\u00f3s havaz\u00e1sra lehet sz\u00e1m\u00edtani. Az \u00e9szaki helyeken t\u00f6bb centim\u00e9teres h\u00f3 eshet, amit a legjobban a gyerekek v\u00e1rnak. Az el\u0151rejelz\u00e9sek szerint a h\u00f3 megmaradhat, viszont m\u00ednusz 10 fokn\u00e1l is hidegebb lehet. Ma volt az utols\u00f3 [&#8230;]<\/p>\n","protected":false},"author":4,"featured_media":0,"comment_status":"open","ping_status":"closed","sticky":false,"template":"","format":"standard","meta":{"footnotes":""},"categories":[6,4],"tags":[2799,872,1888],"class_list":["post-21155","post","type-post","status-publish","format-standard","hentry","category-belfold","category-szabadido","tag-front","tag-ho","tag-hoeses"],"_links":{"self":[{"href":"https:\/\/www.agriatv.hu\/index.php?rest_route=\/wp\/v2\/posts\/21155","targetHints":{"allow":["GET"]}}],"collection":[{"href":"https:\/\/www.agriatv.hu\/index.php?rest_route=\/wp\/v2\/posts"}],"about":[{"href":"https:\/\/www.agriatv.hu\/index.php?rest_route=\/wp\/v2\/types\/post"}],"author":[{"embeddable":true,"href":"https:\/\/www.agriatv.hu\/index.php?rest_route=\/wp\/v2\/users\/4"}],"replies":[{"embeddable":true,"href":"https:\/\/www.agriatv.hu\/index.php?rest_route=%2Fwp%2Fv2%2Fcomments&post=21155"}],"version-history":[{"count":1,"href":"https:\/\/www.agriatv.hu\/index.php?rest_route=\/wp\/v2\/posts\/21155\/revisions"}],"predecessor-version":[{"id":21157,"href":"https:\/\/www.agriatv.hu\/index.php?rest_route=\/wp\/v2\/posts\/21155\/revisions\/21157"}],"wp:attachment":[{"href":"https:\/\/www.agriatv.hu\/index.php?rest_route=%2Fwp%2Fv2%2Fmedia&parent=21155"}],"wp:term":[{"taxonomy":"category","embeddable":true,"href":"https:\/\/www.agriatv.hu\/index.php?rest_route=%2Fwp%2Fv2%2Fcategories&post=21155"},{"taxonomy":"post_tag","embeddable":true,"href":"https:\/\/www.agriatv.hu\/index.php?rest_route=%2Fwp%2Fv2%2Ftags&post=21155"}],"curies":[{"name":"wp","href":"https:\/\/api.w.org\/{rel}","templated":true}]}}