{"id":21158,"date":"2019-12-02T19:10:04","date_gmt":"2019-12-02T19:10:04","guid":{"rendered":"http:\/\/www.agriatv.hu\/?p=21158"},"modified":"2019-12-02T19:10:05","modified_gmt":"2019-12-02T19:10:05","slug":"rengeteg-a-baleset-a-ho-miatt","status":"publish","type":"post","link":"https:\/\/www.agriatv.hu\/?p=21158","title":{"rendered":"Rengeteg a baleset a h\u00f3 miatt"},"content":{"rendered":"\n<div class=\"wp-block-image\"><figure class=\"alignleft size-large is-resized\"><img loading=\"lazy\" decoding=\"async\" src=\"https:\/\/www.agriatv.hu\/wp-content\/uploads\/2019\/12\/691614.325x183.jpg\" alt=\"\" class=\"wp-image-21159\" width=\"201\" height=\"113\" srcset=\"https:\/\/www.agriatv.hu\/wp-content\/uploads\/2019\/12\/691614.325x183.jpg 325w, https:\/\/www.agriatv.hu\/wp-content\/uploads\/2019\/12\/691614.325x183-300x169.jpg 300w\" sizes=\"auto, (max-width: 201px) 100vw, 201px\" \/><\/figure><\/div>\n\n\n\n<p> T\u00f6bb helyen k\u00e1osz alakult ki \u00e9s rengeteg baleset t\u00f6rt\u00e9nt az utakon, hogy leesett az idei els\u0151 h\u00f3. Volt, aki ny\u00e1ri gumival indult \u00fatnak, ez\u00e9rt \u00fctk\u00f6z\u00f6tt. Az aut\u00f3szerel\u0151ket megrohamozt\u00e1k a kocsi tulajdonosok, utols\u00f3 percre hagyt\u00e1k a gumicser\u00e9t. A t\u00f6megk\u00f6zleked\u00e9s sem ment z\u00f6kken\u0151mentesen, 1200 vonat k\u00e9sett vagy el sem indult. <\/p>\n\n\n\n<iframe loading=\"lazy\" allowfullscreen=\"yes\" width=\"640\" height=\"360\" src=\"\/\/tenyek.hu\/neoplayer\/tv2\/embed\/313261_rengeteg-a-baleset-a-ho-miatt.html\" frameborder=\"0\" scrolling=\"no\"><\/iframe>\n","protected":false},"excerpt":{"rendered":"<p> T\u00f6bb helyen k\u00e1osz alakult ki \u00e9s rengeteg baleset t\u00f6rt\u00e9nt az utakon, hogy leesett az idei els\u0151 h\u00f3. Volt, aki ny\u00e1ri gumival indult \u00fatnak, ez\u00e9rt \u00fctk\u00f6z\u00f6tt. Az aut\u00f3szerel\u0151ket megrohamozt\u00e1k a kocsi tulajdonosok, utols\u00f3 percre hagyt\u00e1k a gumicser\u00e9t. A t\u00f6megk\u00f6zleked\u00e9s sem ment z\u00f6kken\u0151mentesen, 1200 vonat k\u00e9sett vagy el sem indult. <\/p>\n","protected":false},"author":4,"featured_media":0,"comment_status":"open","ping_status":"closed","sticky":false,"template":"","format":"standard","meta":{"footnotes":""},"categories":[6,5],"tags":[41,670,872,1214,1037],"class_list":["post-21158","post","type-post","status-publish","format-standard","hentry","category-belfold","category-kek-hirek","tag-baleset","tag-gumi","tag-ho","tag-kocsi","tag-vonat"],"_links":{"self":[{"href":"https:\/\/www.agriatv.hu\/index.php?rest_route=\/wp\/v2\/posts\/21158","targetHints":{"allow":["GET"]}}],"collection":[{"href":"https:\/\/www.agriatv.hu\/index.php?rest_route=\/wp\/v2\/posts"}],"about":[{"href":"https:\/\/www.agriatv.hu\/index.php?rest_route=\/wp\/v2\/types\/post"}],"author":[{"embeddable":true,"href":"https:\/\/www.agriatv.hu\/index.php?rest_route=\/wp\/v2\/users\/4"}],"replies":[{"embeddable":true,"href":"https:\/\/www.agriatv.hu\/index.php?rest_route=%2Fwp%2Fv2%2Fcomments&post=21158"}],"version-history":[{"count":1,"href":"https:\/\/www.agriatv.hu\/index.php?rest_route=\/wp\/v2\/posts\/21158\/revisions"}],"predecessor-version":[{"id":21160,"href":"https:\/\/www.agriatv.hu\/index.php?rest_route=\/wp\/v2\/posts\/21158\/revisions\/21160"}],"wp:attachment":[{"href":"https:\/\/www.agriatv.hu\/index.php?rest_route=%2Fwp%2Fv2%2Fmedia&parent=21158"}],"wp:term":[{"taxonomy":"category","embeddable":true,"href":"https:\/\/www.agriatv.hu\/index.php?rest_route=%2Fwp%2Fv2%2Fcategories&post=21158"},{"taxonomy":"post_tag","embeddable":true,"href":"https:\/\/www.agriatv.hu\/index.php?rest_route=%2Fwp%2Fv2%2Ftags&post=21158"}],"curies":[{"name":"wp","href":"https:\/\/api.w.org\/{rel}","templated":true}]}}