{"id":21294,"date":"2020-01-07T08:14:03","date_gmt":"2020-01-07T08:14:03","guid":{"rendered":"http:\/\/www.agriatv.hu\/?p=21294"},"modified":"2020-01-07T08:14:05","modified_gmt":"2020-01-07T08:14:05","slug":"majdnem-megoltek-baratjukat","status":"publish","type":"post","link":"https:\/\/www.agriatv.hu\/?p=21294","title":{"rendered":"Majdnem meg\u00f6lt\u00e9k bar\u00e1tjukat"},"content":{"rendered":"\n<div class=\"wp-block-image\"><figure class=\"alignleft size-large is-resized\"><img loading=\"lazy\" decoding=\"async\" src=\"https:\/\/www.agriatv.hu\/wp-content\/uploads\/2020\/01\/mq2.jpg\" alt=\"\" class=\"wp-image-21295\" width=\"207\" height=\"116\" srcset=\"https:\/\/www.agriatv.hu\/wp-content\/uploads\/2020\/01\/mq2.jpg 320w, https:\/\/www.agriatv.hu\/wp-content\/uploads\/2020\/01\/mq2-300x169.jpg 300w\" sizes=\"auto, (max-width: 207px) 100vw, 207px\" \/><\/figure><\/div>\n\n\n\n<p>K\u00e9t hatvani fiatal verte \u00f6ssze harmadik t\u00e1rsukat 2018-ban Horton. A megvert fi\u00fa s\u00falyosan megs\u00e9r\u00fclt. Az \u00fcgyben most \u00fclt \u00f6ssze a b\u00edr\u00f3s\u00e1g. A fiatalok elismert\u00e9k tett\u00fcket, lemondtak a t\u00e1rgyal\u00e1sr\u00f3l, A meghozott \u00edt\u00e9let ellen nem fellebeztek, \u00edgy az joger\u0151re emelkedett.<\/p>\n\n\n\n<p>A k\u00e9t v\u00e1dlottat 1 \u00e9v 8 h\u00f3nap szabads\u00e1gveszt\u00e9sre \u00edt\u00e9lt\u00e9k, 2 \u00e9vre felf\u00fcggesztve.<\/p>\n\n\n\n<figure class=\"wp-block-embed-youtube wp-block-embed is-type-rich is-provider-youtube\"><div class=\"wp-block-embed__wrapper\">\n<blockquote class=\"embedly-card\" data-card-controls=\"1\" data-card-align=\"center\" data-card-theme=\"light\" data-card-key=\"bbb82e0305934450ba516e363ef455a7\"><h4><a href=\"https:\/\/youtu.be\/PqYxy0aAV9c\">200106verekedes hort<\/a><\/h4><p>K\u00e9t fiatal verte meg harmadik t\u00e1rsukat Horton<\/p><\/blockquote><script async src=\"\/\/cdn.embedly.com\/widgets\/platform.js\" charset=\"UTF-8\"><\/script>\n<\/div><\/figure>\n","protected":false},"excerpt":{"rendered":"<p>K\u00e9t hatvani fiatal verte \u00f6ssze harmadik t\u00e1rsukat 2018-ban Horton. A megvert fi\u00fa s\u00falyosan megs\u00e9r\u00fclt. Az \u00fcgyben most \u00fclt \u00f6ssze a b\u00edr\u00f3s\u00e1g. A fiatalok elismert\u00e9k tett\u00fcket, lemondtak a t\u00e1rgyal\u00e1sr\u00f3l, A meghozott \u00edt\u00e9let ellen nem fellebeztek, \u00edgy az joger\u0151re emelkedett.<\/p>\n<p>A k\u00e9t v\u00e1dlottat 1 \u00e9v 8 h\u00f3nap szabads\u00e1gveszt\u00e9sre \u00edt\u00e9lt\u00e9k, 2 \u00e9vre felf\u00fcggesztve.<\/p>\n<p>200106verekedes hortK\u00e9t fiatal verte meg harmadik t\u00e1rsukat [&#8230;]<\/p>\n","protected":false},"author":4,"featured_media":0,"comment_status":"open","ping_status":"closed","sticky":false,"template":"","format":"standard","meta":{"footnotes":""},"categories":[5],"tags":[71,1351,1798,2296,2914,1263],"class_list":["post-21294","post","type-post","status-publish","format-standard","hentry","category-kek-hirek","tag-birosag","tag-fiatal","tag-hort","tag-itelet","tag-jogeros","tag-serules"],"_links":{"self":[{"href":"https:\/\/www.agriatv.hu\/index.php?rest_route=\/wp\/v2\/posts\/21294","targetHints":{"allow":["GET"]}}],"collection":[{"href":"https:\/\/www.agriatv.hu\/index.php?rest_route=\/wp\/v2\/posts"}],"about":[{"href":"https:\/\/www.agriatv.hu\/index.php?rest_route=\/wp\/v2\/types\/post"}],"author":[{"embeddable":true,"href":"https:\/\/www.agriatv.hu\/index.php?rest_route=\/wp\/v2\/users\/4"}],"replies":[{"embeddable":true,"href":"https:\/\/www.agriatv.hu\/index.php?rest_route=%2Fwp%2Fv2%2Fcomments&post=21294"}],"version-history":[{"count":1,"href":"https:\/\/www.agriatv.hu\/index.php?rest_route=\/wp\/v2\/posts\/21294\/revisions"}],"predecessor-version":[{"id":21296,"href":"https:\/\/www.agriatv.hu\/index.php?rest_route=\/wp\/v2\/posts\/21294\/revisions\/21296"}],"wp:attachment":[{"href":"https:\/\/www.agriatv.hu\/index.php?rest_route=%2Fwp%2Fv2%2Fmedia&parent=21294"}],"wp:term":[{"taxonomy":"category","embeddable":true,"href":"https:\/\/www.agriatv.hu\/index.php?rest_route=%2Fwp%2Fv2%2Fcategories&post=21294"},{"taxonomy":"post_tag","embeddable":true,"href":"https:\/\/www.agriatv.hu\/index.php?rest_route=%2Fwp%2Fv2%2Ftags&post=21294"}],"curies":[{"name":"wp","href":"https:\/\/api.w.org\/{rel}","templated":true}]}}