{"id":21350,"date":"2020-01-19T18:56:51","date_gmt":"2020-01-19T18:56:51","guid":{"rendered":"http:\/\/www.agriatv.hu\/?p=21350"},"modified":"2020-01-19T18:58:20","modified_gmt":"2020-01-19T18:58:20","slug":"mas-vezette-a-gepjarmuvet","status":"publish","type":"post","link":"https:\/\/www.agriatv.hu\/?p=21350","title":{"rendered":"M\u00e1s vezette a g\u00e9pj\u00e1rm\u0171vet"},"content":{"rendered":"\n<div class=\"wp-block-image\"><figure class=\"alignleft size-large is-resized\"><img loading=\"lazy\" decoding=\"async\" src=\"https:\/\/www.agriatv.hu\/wp-content\/uploads\/2020\/01\/N\u00f3gr\u00e1d-MRFK-C\u00edmer_5.jpg\" alt=\"\" class=\"wp-image-21351\" width=\"146\" height=\"97\" srcset=\"https:\/\/www.agriatv.hu\/wp-content\/uploads\/2020\/01\/N\u00f3gr\u00e1d-MRFK-C\u00edmer_5.jpg 370w, https:\/\/www.agriatv.hu\/wp-content\/uploads\/2020\/01\/N\u00f3gr\u00e1d-MRFK-C\u00edmer_5-300x199.jpg 300w\" sizes=\"auto, (max-width: 146px) 100vw, 146px\" \/><\/figure><\/div>\n\n\n\n<p>Hal\u00e1los k\u00f6z\u00fati k\u00f6zleked\u00e9si balesetet okozott, majd bar\u00e1tj\u00e1ra terelte a gyan\u00fat a 40 \u00e9ves f\u00e9rfi, akit a rend\u0151r\u00f6k \u0151rizetbe vettek.<\/p>\n\n\n\n<p>Az els\u0151dleges adatok alapj\u00e1n 2020. janu\u00e1r 17-\u00e9n 18 \u00f3ra k\u00f6r\u00fcl Salg\u00f3tarj\u00e1nban, a R\u00e1k\u00f3czi \u00faton ismeretlen tettes g\u00e9pkocsival el\u00fct\u00f6tt egy gyalogost. A baleset k\u00f6vetkezt\u00e9ben a n\u0151 olyan s\u00falyos s\u00e9r\u00fcl\u00e9seket szenvedett, hogy a helysz\u00ednen \u00e9let\u00e9t vesztette.\u00a0 A j\u00e1rm\u0171 vezet\u0151je a baleset helysz\u00edn\u00e9r\u0151l meg\u00e1ll\u00e1s \u00e9s seg\u00edts\u00e9gny\u00fajt\u00e1s n\u00e9lk\u00fcl tov\u00e1bbhajtott.<br \/>A forr\u00f3nyomos int\u00e9zked\u00e9sek sor\u00e1n beszerzett adatok alapj\u00e1n a b\u0171ncselekm\u00e9ny elk\u00f6vet\u00e9s\u00e9vel kapcsolatosan k\u00e9t f\u00e9rfit el\u0151\u00e1ll\u00edtottak \u00e9s gyan\u00fas\u00edtottk\u00e9nt hallgattak ki, valamint \u00a0egyik\u00fck \u0151rizetbe v\u00e9tel\u00e9r\u0151l d\u00f6nt\u00f6tt a hat\u00f3s\u00e1g.<br \/>A nyomoz\u00e1s tov\u00e1bbi adatai, a tan\u00favallom\u00e1sok\u00a0\u00e9s a t\u00e9rfigyel\u0151kamer\u00e1k felv\u00e9teleinek r\u00e9szletes elemz\u00e9se eredm\u00e9nyek\u00e9ppen\u00a0megalapozott a gyan\u00fa arra, hogy Sz. Lajos gyan\u00fas\u00edtotti vallom\u00e1s\u00e1ban foglaltakkal ellent\u00e9tben a j\u00e1rm\u0171vet a balesetkor nem az \u0151rizetbe vett f\u00e9rfi, hanem a bar\u00e1tja, Sz. Lajos vezette.<br \/>A beszerzett bizony\u00edt\u00e9kok alapj\u00e1n a N\u00f3gr\u00e1d Megyei Rend\u0151r-f\u0151kapit\u00e1nys\u00e1g K\u00f6zleked\u00e9srend\u00e9szeti Oszt\u00e1lya hal\u00e1lt okoz\u00f3 j\u00e1rm\u0171vezet\u00e9s ittas \u00e1llapotban b\u0171ntett \u00e9s seg\u00edts\u00e9gny\u00fajt\u00e1s elmulaszt\u00e1sa b\u0171ntett, valamint hamis v\u00e1d b\u0171ntett megalapozott gyan\u00faja miatt folytatja tov\u00e1bb az elj\u00e1r\u00e1st Sz. Lajos 40 \u00e9ves salg\u00f3tarj\u00e1ni lakos ellen. A hat\u00f3s\u00e1g tagjai int\u00e9zkedtek a 40 \u00e9ves f\u00e9rfi \u0151rizetbe v\u00e9tel\u00e9re, \u00e9s a kor\u00e1bban \u0151rizetbe vett f\u00e9rfi szabadl\u00e1bra helyez\u00e9s\u00e9re.<br \/><\/p>\n\n\n\n<p><a href=\"https:\/\/www.agriatv.hu\/?p=21344\">Kor\u00e1bbi tud\u00f3s\u00edt\u00e1sunkat itt l\u00e1thatj\u00e1k.<\/a><\/p>\n","protected":false},"excerpt":{"rendered":"<p>Hal\u00e1los k\u00f6z\u00fati k\u00f6zleked\u00e9si balesetet okozott, majd bar\u00e1tj\u00e1ra terelte a gyan\u00fat a 40 \u00e9ves f\u00e9rfi, akit a rend\u0151r\u00f6k \u0151rizetbe vettek.<\/p>\n<p>Az els\u0151dleges adatok alapj\u00e1n 2020. janu\u00e1r 17-\u00e9n 18 \u00f3ra k\u00f6r\u00fcl Salg\u00f3tarj\u00e1nban, a R\u00e1k\u00f3czi \u00faton ismeretlen tettes g\u00e9pkocsival el\u00fct\u00f6tt egy gyalogost. A baleset k\u00f6vetkezt\u00e9ben a n\u0151 olyan s\u00falyos s\u00e9r\u00fcl\u00e9seket szenvedett, hogy a helysz\u00ednen \u00e9let\u00e9t vesztette.\u00a0 A j\u00e1rm\u0171 vezet\u0151je [&#8230;]<\/p>\n","protected":false},"author":4,"featured_media":0,"comment_status":"open","ping_status":"closed","sticky":false,"template":"","format":"standard","meta":{"footnotes":""},"categories":[5],"tags":[2163,1586,2864,1236],"class_list":["post-21350","post","type-post","status-publish","format-standard","hentry","category-kek-hirek","tag-cserbenhagyas","tag-gazolas","tag-salgotarjan","tag-vezeto"],"_links":{"self":[{"href":"https:\/\/www.agriatv.hu\/index.php?rest_route=\/wp\/v2\/posts\/21350","targetHints":{"allow":["GET"]}}],"collection":[{"href":"https:\/\/www.agriatv.hu\/index.php?rest_route=\/wp\/v2\/posts"}],"about":[{"href":"https:\/\/www.agriatv.hu\/index.php?rest_route=\/wp\/v2\/types\/post"}],"author":[{"embeddable":true,"href":"https:\/\/www.agriatv.hu\/index.php?rest_route=\/wp\/v2\/users\/4"}],"replies":[{"embeddable":true,"href":"https:\/\/www.agriatv.hu\/index.php?rest_route=%2Fwp%2Fv2%2Fcomments&post=21350"}],"version-history":[{"count":2,"href":"https:\/\/www.agriatv.hu\/index.php?rest_route=\/wp\/v2\/posts\/21350\/revisions"}],"predecessor-version":[{"id":21354,"href":"https:\/\/www.agriatv.hu\/index.php?rest_route=\/wp\/v2\/posts\/21350\/revisions\/21354"}],"wp:attachment":[{"href":"https:\/\/www.agriatv.hu\/index.php?rest_route=%2Fwp%2Fv2%2Fmedia&parent=21350"}],"wp:term":[{"taxonomy":"category","embeddable":true,"href":"https:\/\/www.agriatv.hu\/index.php?rest_route=%2Fwp%2Fv2%2Fcategories&post=21350"},{"taxonomy":"post_tag","embeddable":true,"href":"https:\/\/www.agriatv.hu\/index.php?rest_route=%2Fwp%2Fv2%2Ftags&post=21350"}],"curies":[{"name":"wp","href":"https:\/\/api.w.org\/{rel}","templated":true}]}}