{"id":21375,"date":"2020-01-25T18:46:50","date_gmt":"2020-01-25T18:46:50","guid":{"rendered":"http:\/\/www.agriatv.hu\/?p=21375"},"modified":"2020-01-25T19:47:23","modified_gmt":"2020-01-25T19:47:23","slug":"reszegen-csapodott-busznak-6-serult","status":"publish","type":"post","link":"https:\/\/www.agriatv.hu\/?p=21375","title":{"rendered":"R\u00e9szegen csap\u00f3dott busznak, 7 s\u00e9r\u00fclt"},"content":{"rendered":"\n<div class=\"wp-block-image\"><figure class=\"alignleft size-large is-resized\"><img loading=\"lazy\" decoding=\"async\" src=\"https:\/\/www.agriatv.hu\/wp-content\/uploads\/2020\/01\/700997.325x183.jpg\" alt=\"\" class=\"wp-image-21376\" width=\"219\" height=\"123\" srcset=\"https:\/\/www.agriatv.hu\/wp-content\/uploads\/2020\/01\/700997.325x183.jpg 325w, https:\/\/www.agriatv.hu\/wp-content\/uploads\/2020\/01\/700997.325x183-300x169.jpg 300w\" sizes=\"auto, (max-width: 219px) 100vw, 219px\" \/><\/figure><\/div>\n\n\n\n<p> R\u00e9szegen hajtott busznak aut\u00f3j\u00e1val egy f\u00e9rfi Gy\u00f6ngy\u00f6s\u00f6n hajnalban. Utasa \u00e9letvesz\u00e9lyes \u00e1llapotban van, m\u00edg a sof\u0151rnek csak karcol\u00e1sai lettek. A busz az \u00fctk\u00f6z\u00e9st\u0151l oszlopnak csap\u00f3dott majd visszapattant \u00e9s egy m\u00e1sik kocsival is \u00fctk\u00f6z\u00f6tt, \u00f6t utas s\u00e9r\u00fclt meg. Egy harmadik aut\u00f3 sof\u0151rj\u00e9t m\u00e9g keresik, ugyanis tov\u00e1bbment. \u00dagy tudjuk az\u00e9rt nem maradt ott, mert p\u00e1r sz\u00e1z m\u00e9terrel el\u0151bb \u0151 is balesetet okozott, \u00e9s onnan pedig seg\u00edts\u00e9gny\u00fajt\u00e1s n\u00e9lk\u00fcl tov\u00e1bbhajtott. <\/p>\n\n\n\n<iframe loading=\"lazy\" allowfullscreen=\"yes\" width=\"640\" height=\"360\" src=\"\/\/tenyek.hu\/neoplayer\/tv2\/embed\/319074_reszegen-csapodott-busznak-6-ser.html\" frameborder=\"0\" scrolling=\"no\"><\/iframe>\n\n\n\n<div style=\"width: 100%; height: 0px; position: relative; padding-bottom: 56%;\"><iframe src=\"https:\/\/embed.rtl.hu\/embed\/1491420\" frameborder=\"0\" allowfullscreen=\"true\" style=\"width: 100%; height: 100%; position: absolute;\"><\/iframe><\/div>\n","protected":false},"excerpt":{"rendered":"<p> R\u00e9szegen hajtott busznak aut\u00f3j\u00e1val egy f\u00e9rfi Gy\u00f6ngy\u00f6s\u00f6n hajnalban. Utasa \u00e9letvesz\u00e9lyes \u00e1llapotban van, m\u00edg a sof\u0151rnek csak karcol\u00e1sai lettek. A busz az \u00fctk\u00f6z\u00e9st\u0151l oszlopnak csap\u00f3dott majd visszapattant \u00e9s egy m\u00e1sik kocsival is \u00fctk\u00f6z\u00f6tt, \u00f6t utas s\u00e9r\u00fclt meg. Egy harmadik aut\u00f3 sof\u0151rj\u00e9t m\u00e9g keresik, ugyanis tov\u00e1bbment. \u00dagy tudjuk az\u00e9rt nem maradt ott, mert p\u00e1r sz\u00e1z m\u00e9terrel [&#8230;]<\/p>\n","protected":false},"author":4,"featured_media":0,"comment_status":"open","ping_status":"closed","sticky":false,"template":"","format":"standard","meta":{"footnotes":""},"categories":[5],"tags":[921,41,968,235,122],"class_list":["post-21375","post","type-post","status-publish","format-standard","hentry","category-kek-hirek","tag-alkohol","tag-baleset","tag-busz","tag-gyongyos","tag-rendorseg"],"_links":{"self":[{"href":"https:\/\/www.agriatv.hu\/index.php?rest_route=\/wp\/v2\/posts\/21375","targetHints":{"allow":["GET"]}}],"collection":[{"href":"https:\/\/www.agriatv.hu\/index.php?rest_route=\/wp\/v2\/posts"}],"about":[{"href":"https:\/\/www.agriatv.hu\/index.php?rest_route=\/wp\/v2\/types\/post"}],"author":[{"embeddable":true,"href":"https:\/\/www.agriatv.hu\/index.php?rest_route=\/wp\/v2\/users\/4"}],"replies":[{"embeddable":true,"href":"https:\/\/www.agriatv.hu\/index.php?rest_route=%2Fwp%2Fv2%2Fcomments&post=21375"}],"version-history":[{"count":4,"href":"https:\/\/www.agriatv.hu\/index.php?rest_route=\/wp\/v2\/posts\/21375\/revisions"}],"predecessor-version":[{"id":21381,"href":"https:\/\/www.agriatv.hu\/index.php?rest_route=\/wp\/v2\/posts\/21375\/revisions\/21381"}],"wp:attachment":[{"href":"https:\/\/www.agriatv.hu\/index.php?rest_route=%2Fwp%2Fv2%2Fmedia&parent=21375"}],"wp:term":[{"taxonomy":"category","embeddable":true,"href":"https:\/\/www.agriatv.hu\/index.php?rest_route=%2Fwp%2Fv2%2Fcategories&post=21375"},{"taxonomy":"post_tag","embeddable":true,"href":"https:\/\/www.agriatv.hu\/index.php?rest_route=%2Fwp%2Fv2%2Ftags&post=21375"}],"curies":[{"name":"wp","href":"https:\/\/api.w.org\/{rel}","templated":true}]}}